{"id":5398,"date":"2016-01-25T15:35:16","date_gmt":"2016-01-25T17:35:16","guid":{"rendered":"http:\/\/sindesvdf.com.br\/news\/?p=5398"},"modified":"2016-01-25T15:35:57","modified_gmt":"2016-01-25T17:35:57","slug":"chico-vigilante-pedira-exoneracao-do-administrador-de-planaltina","status":"publish","type":"post","link":"https:\/\/sindesvdf.com.br\/news\/chico-vigilante-pedira-exoneracao-do-administrador-de-planaltina\/","title":{"rendered":"Chico Vigilante pedir\u00e1 exonera\u00e7\u00e3o do Administrador de Planaltina"},"content":{"rendered":"<p><img loading=\"lazy\" decoding=\"async\" class=\"aligncenter size-full wp-image-5399\" src=\"http:\/\/sindesvdf.com.br\/news\/wp-content\/uploads\/2016\/01\/12647489_467066040159225_7466015301144414569_n.jpg\" alt=\"12647489_467066040159225_7466015301144414569_n\" width=\"472\" height=\"315\" srcset=\"https:\/\/sindesvdf.com.br\/news\/wp-content\/uploads\/2016\/01\/12647489_467066040159225_7466015301144414569_n.jpg 472w, https:\/\/sindesvdf.com.br\/news\/wp-content\/uploads\/2016\/01\/12647489_467066040159225_7466015301144414569_n-300x200.jpg 300w, https:\/\/sindesvdf.com.br\/news\/wp-content\/uploads\/2016\/01\/12647489_467066040159225_7466015301144414569_n-272x182.jpg 272w\" sizes=\"auto, (max-width: 472px) 100vw, 472px\" \/>Atrav\u00e9s de nota divulgada nesta segunda-feira (25\/01), o l\u00edder da bancada do PT na CLDF, deputado Chico Vigilante, se posiciona sobre o caso do Administrador de Planaltina que pretendia usar da sua influ\u00eancia para furar a fila do atendimento, para um conhecido, e o mesmo foi barrado por um combativo companheiro, vigilante.<\/p>\n<p>Leia a nota completa:<\/p>\n<div class=\"text_exposed_show\">\n<p><em>No \u00faltimo s\u00e1bado (23), o administrador de Planaltina, Vicente Salgueiro, deu voz de pris\u00e3o a um vigilante do hospital da cidade que, de maneira correta e profissional, impediu sua entrada \u00e0 unidade de sa\u00fade pela entrada exclusiva de ambul\u00e2ncias para tentar conseguir um leito de UTI a um conhecido.<\/em><\/p>\n<p><em>Al\u00e9m de completamente absurda, \u00e9 criminosa essa atitude tomada pelo Administrador de Planaltina pois, ficam evidentes tanto o abuso de autoridade quanto a usurpa\u00e7\u00e3o da fun\u00e7\u00e3o p\u00fablica.<\/em><\/p>\n<p><em>Ser\u00e1 que o senhor Vicente Salgueiro n\u00e3o tem conhecimento de que, apenas por decis\u00e3o judicial motivada e por iniciativa do Minist\u00e9rio P\u00fablico, \u00e9 poss\u00edvel interven\u00e7\u00e3o externa que acarrete em interna\u00e7\u00e3o em unidades de terapia intensiva?<\/em><\/p>\n<p><em>N\u00f3s vamos tomar todas as provid\u00eancias necess\u00e1rias para que a popula\u00e7\u00e3o de Planaltina n\u00e3o seja mais administrada por uma pessoa com tamanha incompet\u00eancia e despreparo.<\/em><\/p>\n<p><em>Amanh\u00e3, ter\u00e7a-feira, vou encaminhar um of\u00edcio ao governador Rodrigo Rollemberg requerendo a imediata exonera\u00e7\u00e3o do administrador da cidade.<\/em><\/p>\n<p><em>Tamb\u00e9m iremos encaminhar den\u00fancia ao Minist\u00e9rio P\u00fablico do Distrito Federal e para a Delegacia de Seguran\u00e7a Privada da Pol\u00edcia Federal por esse ato de banditismo desse administrador contra um vigilante que estava no leg\u00edtimo exerc\u00edcio da sua fun\u00e7\u00e3o.<\/em><\/p>\n<p><em>Informo, tamb\u00e9m, que estas mesmas provid\u00eancias ser\u00e3o tomadas pelo Sindicato dos Vigilantes do Distrito Federal.<\/em><\/p>\n<p style=\"text-align: right;\">Bras\u00edlia, 25 de janeiro de 2016.<br \/>\nDeputado CHICO VIGILANTE<br \/>\nL\u00edder do PT na C\u00e2mara Legislativa<\/p>\n<p style=\"text-align: right;\"><em>Fonte:\u00a0http:\/\/www.chicovigilante.com.br\/<\/em><\/p>\n<\/div>\n<p class=\"wpf_wrapper\"><a class=\"print_link\" href=\"\" target=\"_blank\">Preparar para impress\u00e3o<\/a><\/p><!-- .wpf_wrapper -->","protected":false},"excerpt":{"rendered":"<p>Atrav\u00e9s de nota divulgada nesta segunda-feira (25\/01), o l\u00edder da bancada do PT na CLDF, deputado Chico Vigilante, se posiciona&hellip; <\/p>\n","protected":false},"author":1,"featured_media":0,"comment_status":"closed","ping_status":"closed","sticky":false,"template":"","format":"standard","meta":{"footnotes":""},"categories":[7],"tags":[],"class_list":["post-5398","post","type-post","status-publish","format-standard","hentry","category-noticias"],"jetpack_featured_media_url":"","_links":{"self":[{"href":"https:\/\/sindesvdf.com.br\/news\/wp-json\/wp\/v2\/posts\/5398","targetHints":{"allow":["GET"]}}],"collection":[{"href":"https:\/\/sindesvdf.com.br\/news\/wp-json\/wp\/v2\/posts"}],"about":[{"href":"https:\/\/sindesvdf.com.br\/news\/wp-json\/wp\/v2\/types\/post"}],"author":[{"embeddable":true,"href":"https:\/\/sindesvdf.com.br\/news\/wp-json\/wp\/v2\/users\/1"}],"replies":[{"embeddable":true,"href":"https:\/\/sindesvdf.com.br\/news\/wp-json\/wp\/v2\/comments?post=5398"}],"version-history":[{"count":1,"href":"https:\/\/sindesvdf.com.br\/news\/wp-json\/wp\/v2\/posts\/5398\/revisions"}],"predecessor-version":[{"id":5400,"href":"https:\/\/sindesvdf.com.br\/news\/wp-json\/wp\/v2\/posts\/5398\/revisions\/5400"}],"wp:attachment":[{"href":"https:\/\/sindesvdf.com.br\/news\/wp-json\/wp\/v2\/media?parent=5398"}],"wp:term":[{"taxonomy":"category","embeddable":true,"href":"https:\/\/sindesvdf.com.br\/news\/wp-json\/wp\/v2\/categories?post=5398"},{"taxonomy":"post_tag","embeddable":true,"href":"https:\/\/sindesvdf.com.br\/news\/wp-json\/wp\/v2\/tags?post=5398"}],"curies":[{"name":"wp","href":"https:\/\/api.w.org\/{rel}","templated":true}]}}