{"id":5409,"date":"2016-01-26T14:46:15","date_gmt":"2016-01-26T16:46:15","guid":{"rendered":"http:\/\/sindesvdf.com.br\/news\/?p=5409"},"modified":"2016-01-26T15:01:46","modified_gmt":"2016-01-26T17:01:46","slug":"sindicato-fecha-convenio-com-mais-uma-escola","status":"publish","type":"post","link":"https:\/\/sindesvdf.com.br\/news\/sindicato-fecha-convenio-com-mais-uma-escola\/","title":{"rendered":"Sindicato fecha conv\u00eanio com mais uma escola"},"content":{"rendered":"<p><img loading=\"lazy\" decoding=\"async\" class=\" wp-image-5410 alignleft\" src=\"http:\/\/sindesvdf.com.br\/news\/wp-content\/uploads\/2016\/01\/image5-e1453827629923.jpg\" alt=\"image5\" width=\"369\" height=\"192\" srcset=\"https:\/\/sindesvdf.com.br\/news\/wp-content\/uploads\/2016\/01\/image5-e1453827629923.jpg 450w, https:\/\/sindesvdf.com.br\/news\/wp-content\/uploads\/2016\/01\/image5-e1453827629923-300x156.jpg 300w\" sizes=\"auto, (max-width: 369px) 100vw, 369px\" \/><\/p>\n<p>O\u00a0Sindicato dos Vigilantes do DF fechou conv\u00eanio com a Escola Franciscana F\u00e1tima para dar mais uma op\u00e7\u00e3o de educa\u00e7\u00e3o aos\u00a0dependentes dos\u00a0vigilantes sindicalizados.<\/p>\n<p>A Escola F\u00e1tima, pioneira em Bras\u00edlia, oferece um ensino de alta qualidade desde o <strong>Ber\u00e7\u00e1rio<\/strong> (a partir dos quatro meses), <strong>Educa\u00e7\u00e3o Infantil<\/strong> (a partir de 1 ano e 2 meses &#8211; com turno integral), <strong>Ensino Fundamental<\/strong>\u00a0 (1\u00ba ao 5\u00ba ano e 6\u00ba ao 9\u00ba ano \u2013 matutino e\/ou integral) at\u00e9 o\u00a0<strong>Ensino M\u00e9dio<\/strong> (matutino) com <strong>15% de desconto<\/strong> para os dependentes dos vigilantes filiados ao Sindicato.<\/p>\n<p><strong><em>Para efetuar a matr\u00edcula basta\u00a0PEGAR AUTORIZA\u00c7\u00c3O NO SINDICATO e apresentar juntamente com a CARTEIRINHA na secretaria da Escola.<\/em><\/strong><\/p>\n<p>Voc\u00ea quer conhecer melhor a escola? Clique\u00a0<strong><a href=\"http:\/\/www.escolafatima.g12.br\/portal\/portal\/index.php\" target=\"_blank\">AQUI!<\/a><\/strong><\/p>\n<p>Veja <strong><a href=\"http:\/\/sindesvdf.com.br\/news\/convenios\/\">AQUI<\/a><\/strong>\u00a0outros conv\u00eanios firmados pelo Sindicato!<\/p>\n<p class=\"wpf_wrapper\"><a class=\"print_link\" href=\"\" target=\"_blank\">Preparar para impress\u00e3o<\/a><\/p><!-- .wpf_wrapper -->","protected":false},"excerpt":{"rendered":"<p>O\u00a0Sindicato dos Vigilantes do DF fechou conv\u00eanio com a Escola Franciscana F\u00e1tima para dar mais uma op\u00e7\u00e3o de educa\u00e7\u00e3o aos\u00a0dependentes&hellip; <\/p>\n","protected":false},"author":1,"featured_media":0,"comment_status":"closed","ping_status":"closed","sticky":false,"template":"","format":"standard","meta":{"footnotes":""},"categories":[7],"tags":[],"class_list":["post-5409","post","type-post","status-publish","format-standard","hentry","category-noticias"],"jetpack_featured_media_url":"","_links":{"self":[{"href":"https:\/\/sindesvdf.com.br\/news\/wp-json\/wp\/v2\/posts\/5409","targetHints":{"allow":["GET"]}}],"collection":[{"href":"https:\/\/sindesvdf.com.br\/news\/wp-json\/wp\/v2\/posts"}],"about":[{"href":"https:\/\/sindesvdf.com.br\/news\/wp-json\/wp\/v2\/types\/post"}],"author":[{"embeddable":true,"href":"https:\/\/sindesvdf.com.br\/news\/wp-json\/wp\/v2\/users\/1"}],"replies":[{"embeddable":true,"href":"https:\/\/sindesvdf.com.br\/news\/wp-json\/wp\/v2\/comments?post=5409"}],"version-history":[{"count":5,"href":"https:\/\/sindesvdf.com.br\/news\/wp-json\/wp\/v2\/posts\/5409\/revisions"}],"predecessor-version":[{"id":5415,"href":"https:\/\/sindesvdf.com.br\/news\/wp-json\/wp\/v2\/posts\/5409\/revisions\/5415"}],"wp:attachment":[{"href":"https:\/\/sindesvdf.com.br\/news\/wp-json\/wp\/v2\/media?parent=5409"}],"wp:term":[{"taxonomy":"category","embeddable":true,"href":"https:\/\/sindesvdf.com.br\/news\/wp-json\/wp\/v2\/categories?post=5409"},{"taxonomy":"post_tag","embeddable":true,"href":"https:\/\/sindesvdf.com.br\/news\/wp-json\/wp\/v2\/tags?post=5409"}],"curies":[{"name":"wp","href":"https:\/\/api.w.org\/{rel}","templated":true}]}}