{"id":5427,"date":"2016-02-04T10:31:31","date_gmt":"2016-02-04T12:31:31","guid":{"rendered":"http:\/\/sindesvdf.com.br\/news\/?p=5427"},"modified":"2016-02-24T16:35:48","modified_gmt":"2016-02-24T19:35:48","slug":"sindicato-consegue-reintegracao-de-vigilantes-demitidos-injustamente","status":"publish","type":"post","link":"https:\/\/sindesvdf.com.br\/news\/sindicato-consegue-reintegracao-de-vigilantes-demitidos-injustamente\/","title":{"rendered":"Sindicato consegue reintegra\u00e7\u00e3o de Vigilantes demitidos injustamente"},"content":{"rendered":"<p>Tr\u00eas vigilantes\u00a0que foram demitidos injustamente na sexta (29\/01)\u00a0pela\u00a0empresa <strong>Visan Seguran\u00e7a<\/strong> que presta servi\u00e7o no <strong>Sebrae Nacional<\/strong>, localizado na 605 Sul, foram reintegrados na\u00a0quarta-feira (03\/02) ap\u00f3s protestos com paralisa\u00e7\u00e3o da categoria. A demiss\u00e3o dos\u00a0tr\u00eas trabalhadores aconteceu logo depois deles denunciarem\u00a0m\u00e1s condi\u00e7\u00f5es de trabalho ao <strong>SINDESV-DF (Sindicato dos Vigilantes do Distrito Federal)<\/strong> e<strong>\u00a0<\/strong>por persegui\u00e7\u00e3o do supervisor.<\/p>\n<figure id=\"attachment_5433\" aria-describedby=\"caption-attachment-5433\" style=\"width: 790px\" class=\"wp-caption alignnone\"><img loading=\"lazy\" decoding=\"async\" class=\"wp-image-5433 size-large\" src=\"http:\/\/sindesvdf.com.br\/news\/wp-content\/uploads\/2016\/02\/DSCN0131-e1454588690199-790x509.jpg\" alt=\"DSCN0131\" width=\"790\" height=\"509\" srcset=\"https:\/\/sindesvdf.com.br\/news\/wp-content\/uploads\/2016\/02\/DSCN0131-e1454588690199-790x509.jpg 790w, https:\/\/sindesvdf.com.br\/news\/wp-content\/uploads\/2016\/02\/DSCN0131-e1454588690199-300x193.jpg 300w, https:\/\/sindesvdf.com.br\/news\/wp-content\/uploads\/2016\/02\/DSCN0131-e1454588690199-768x494.jpg 768w\" sizes=\"auto, (max-width: 790px) 100vw, 790px\" \/><figcaption id=\"caption-attachment-5433\" class=\"wp-caption-text\">Reuni\u00e3o!<\/figcaption><\/figure>\n<figure id=\"attachment_5431\" aria-describedby=\"caption-attachment-5431\" style=\"width: 500px\" class=\"wp-caption alignleft\"><img loading=\"lazy\" decoding=\"async\" class=\"wp-image-5431\" src=\"http:\/\/sindesvdf.com.br\/news\/wp-content\/uploads\/2016\/02\/DSCN0083-e1454587207621-790x620.jpg\" alt=\"DSCN0083\" width=\"500\" height=\"393\" srcset=\"https:\/\/sindesvdf.com.br\/news\/wp-content\/uploads\/2016\/02\/DSCN0083-e1454587207621-790x620.jpg 790w, https:\/\/sindesvdf.com.br\/news\/wp-content\/uploads\/2016\/02\/DSCN0083-e1454587207621-300x236.jpg 300w, https:\/\/sindesvdf.com.br\/news\/wp-content\/uploads\/2016\/02\/DSCN0083-e1454587207621-768x603.jpg 768w, https:\/\/sindesvdf.com.br\/news\/wp-content\/uploads\/2016\/02\/DSCN0083-e1454587207621.jpg 1486w\" sizes=\"auto, (max-width: 500px) 100vw, 500px\" \/><figcaption id=\"caption-attachment-5431\" class=\"wp-caption-text\">O descaso!<\/figcaption><\/figure>\n<p><em>\u201cAntes das demiss\u00f5es\u00a0o Sindicato havia convocado\u00a0reuni\u00e3o com o Sebrae Nacional e com a empresa terceirizada Visan Seguran\u00e7a para tentar chegar a um acordo e melhorar as condi\u00e7\u00f5es de trabalho, j\u00e1 que os trabalhadores eram obrigados a ficar 12 horas em um posto debaixo de chuva e sol\u201d<\/em>, explicou o vice-presidente do <strong>SINDESV-DF<\/strong>,\u00a0\u00a0Paulo Quadros.<\/p>\n<figure id=\"attachment_5432\" aria-describedby=\"caption-attachment-5432\" style=\"width: 790px\" class=\"wp-caption aligncenter\"><img loading=\"lazy\" decoding=\"async\" class=\"wp-image-5432 size-large\" src=\"http:\/\/sindesvdf.com.br\/news\/wp-content\/uploads\/2016\/02\/DSCN0110-e1454586922173-790x524.jpg\" alt=\"DSCN0110\" width=\"790\" height=\"524\" srcset=\"https:\/\/sindesvdf.com.br\/news\/wp-content\/uploads\/2016\/02\/DSCN0110-e1454586922173-790x524.jpg 790w, https:\/\/sindesvdf.com.br\/news\/wp-content\/uploads\/2016\/02\/DSCN0110-e1454586922173-300x199.jpg 300w, https:\/\/sindesvdf.com.br\/news\/wp-content\/uploads\/2016\/02\/DSCN0110-e1454586922173-768x510.jpg 768w, https:\/\/sindesvdf.com.br\/news\/wp-content\/uploads\/2016\/02\/DSCN0110-e1454586922173.jpg 1857w\" sizes=\"auto, (max-width: 790px) 100vw, 790px\" \/><figcaption id=\"caption-attachment-5432\" class=\"wp-caption-text\">Paraliza\u00e7\u00e3o!<\/figcaption><\/figure>\n<p>Em protesto contra as demiss\u00f5es, os outros\u00a0vigilantes da institui\u00e7\u00e3o com o apoio do <strong>SINDESV-DF<\/strong> paralisaram as atividades.<\/p>\n<figure id=\"attachment_5428\" aria-describedby=\"caption-attachment-5428\" style=\"width: 790px\" class=\"wp-caption aligncenter\"><img loading=\"lazy\" decoding=\"async\" class=\"wp-image-5428 size-large\" src=\"http:\/\/sindesvdf.com.br\/news\/wp-content\/uploads\/2016\/02\/DSCN0038-e1454588804198-790x497.jpg\" alt=\"DSCN0038\" width=\"790\" height=\"497\" srcset=\"https:\/\/sindesvdf.com.br\/news\/wp-content\/uploads\/2016\/02\/DSCN0038-e1454588804198-790x497.jpg 790w, https:\/\/sindesvdf.com.br\/news\/wp-content\/uploads\/2016\/02\/DSCN0038-e1454588804198-300x189.jpg 300w, https:\/\/sindesvdf.com.br\/news\/wp-content\/uploads\/2016\/02\/DSCN0038-e1454588804198-768x483.jpg 768w\" sizes=\"auto, (max-width: 790px) 100vw, 790px\" \/><figcaption id=\"caption-attachment-5428\" class=\"wp-caption-text\">Manifesta\u00e7\u00e3o!<\/figcaption><\/figure>\n<p>Para fortalecer o movimento, os trabalhadores tamb\u00e9m realizaram manifesta\u00e7\u00e3o com o apoio da CUT Bras\u00edlia para pedir a reintegra\u00e7\u00e3o dos colegas de trabalho.<\/p>\n<figure id=\"attachment_5429\" aria-describedby=\"caption-attachment-5429\" style=\"width: 790px\" class=\"wp-caption aligncenter\"><img loading=\"lazy\" decoding=\"async\" class=\"wp-image-5429 size-large\" src=\"http:\/\/sindesvdf.com.br\/news\/wp-content\/uploads\/2016\/02\/DSCN0071-e1454588645193-790x351.jpg\" alt=\"DSCN0071\" width=\"790\" height=\"351\" srcset=\"https:\/\/sindesvdf.com.br\/news\/wp-content\/uploads\/2016\/02\/DSCN0071-e1454588645193-790x351.jpg 790w, https:\/\/sindesvdf.com.br\/news\/wp-content\/uploads\/2016\/02\/DSCN0071-e1454588645193-300x133.jpg 300w, https:\/\/sindesvdf.com.br\/news\/wp-content\/uploads\/2016\/02\/DSCN0071-e1454588645193-768x342.jpg 768w, https:\/\/sindesvdf.com.br\/news\/wp-content\/uploads\/2016\/02\/DSCN0071-e1454588645193.jpg 1897w\" sizes=\"auto, (max-width: 790px) 100vw, 790px\" \/><figcaption id=\"caption-attachment-5429\" class=\"wp-caption-text\">Negocia\u00e7\u00f5es!<\/figcaption><\/figure>\n<p>Ap\u00f3s a manifesta\u00e7\u00e3o\u00a0houve intensa negocia\u00e7\u00e3o\u00a0e\u00a0os vigilantes foram reconduzidos aos seus postos de trabalho.<\/p>\n<p style=\"text-align: right;\"><span style=\"color: #ff0000;\"><em>Fonte: Facebook Chico Vigilante com CUT Bras\u00edlia<\/em><\/span><\/p>\n<p class=\"wpf_wrapper\"><a class=\"print_link\" href=\"\" target=\"_blank\">Preparar para impress\u00e3o<\/a><\/p><!-- .wpf_wrapper -->","protected":false},"excerpt":{"rendered":"<p>Tr\u00eas vigilantes\u00a0que foram demitidos injustamente na sexta (29\/01)\u00a0pela\u00a0empresa Visan Seguran\u00e7a que presta servi\u00e7o no Sebrae Nacional, localizado na 605 Sul,&hellip; <\/p>\n","protected":false},"author":1,"featured_media":0,"comment_status":"closed","ping_status":"closed","sticky":false,"template":"","format":"standard","meta":{"footnotes":""},"categories":[7],"tags":[],"class_list":["post-5427","post","type-post","status-publish","format-standard","hentry","category-noticias"],"jetpack_featured_media_url":"","_links":{"self":[{"href":"https:\/\/sindesvdf.com.br\/news\/wp-json\/wp\/v2\/posts\/5427","targetHints":{"allow":["GET"]}}],"collection":[{"href":"https:\/\/sindesvdf.com.br\/news\/wp-json\/wp\/v2\/posts"}],"about":[{"href":"https:\/\/sindesvdf.com.br\/news\/wp-json\/wp\/v2\/types\/post"}],"author":[{"embeddable":true,"href":"https:\/\/sindesvdf.com.br\/news\/wp-json\/wp\/v2\/users\/1"}],"replies":[{"embeddable":true,"href":"https:\/\/sindesvdf.com.br\/news\/wp-json\/wp\/v2\/comments?post=5427"}],"version-history":[{"count":20,"href":"https:\/\/sindesvdf.com.br\/news\/wp-json\/wp\/v2\/posts\/5427\/revisions"}],"predecessor-version":[{"id":5496,"href":"https:\/\/sindesvdf.com.br\/news\/wp-json\/wp\/v2\/posts\/5427\/revisions\/5496"}],"wp:attachment":[{"href":"https:\/\/sindesvdf.com.br\/news\/wp-json\/wp\/v2\/media?parent=5427"}],"wp:term":[{"taxonomy":"category","embeddable":true,"href":"https:\/\/sindesvdf.com.br\/news\/wp-json\/wp\/v2\/categories?post=5427"},{"taxonomy":"post_tag","embeddable":true,"href":"https:\/\/sindesvdf.com.br\/news\/wp-json\/wp\/v2\/tags?post=5427"}],"curies":[{"name":"wp","href":"https:\/\/api.w.org\/{rel}","templated":true}]}}