{"id":5497,"date":"2016-03-07T11:29:12","date_gmt":"2016-03-07T14:29:12","guid":{"rendered":"http:\/\/sindesvdf.com.br\/news\/?p=5497"},"modified":"2016-03-07T15:07:09","modified_gmt":"2016-03-07T18:07:09","slug":"ato-em-defesa-do-emprego","status":"publish","type":"post","link":"https:\/\/sindesvdf.com.br\/news\/ato-em-defesa-do-emprego\/","title":{"rendered":"Ato em defesa do emprego"},"content":{"rendered":"<p dir=\"ltr\">A esta\u00e7\u00e3o do metr\u00f4 de \u00c1guas Claras, sede da administra\u00e7\u00e3o do Metr\u00f4 DF, amanheceu nesta segunda-feira (07\/03) trancada por correntes e dezenas de vigilantes indignados com a amea\u00e7a de demiss\u00e3o de cerca de 160 terceirizados.<\/p>\n<p dir=\"ltr\">A paralisa\u00e7\u00e3o teve inicio \u00e0s 3h15 da manh\u00e3 e s\u00f3 foi finalizada \u00e0s 8h, ap\u00f3s a\u00a0 da categoria conseguir abrir uma negocia\u00e7\u00e3o com o comando do \u00d3rg\u00e3o.<\/p>\n<p dir=\"ltr\">Segundo Jos\u00e9 Maria de Oliveira, secret\u00e1rio de finan\u00e7as do Sindicato dos Vigilantes do DF (SINDESV-DF), se o metr\u00f4 insistir em substituir estes trabalhadores, as mobiliza\u00e7\u00f5es ser\u00e3o intensificadas. Para o diretor, o melhor caminho \u00e9 o cancelamento do edital que prev\u00ea a substitui\u00e7\u00e3o destes vigilantes por agentes de seguran\u00e7a.<\/p>\n<p dir=\"ltr\">O deputado Chico Vigilante falou sobre a import\u00e2ncia da a\u00e7\u00e3o. <em>&#8220;S\u00e3o 160 pais de fam\u00edlia que podem perder seus empregos. Eles t\u00eam todo o meu apoio e solidariedade&#8221;<\/em>, garantiu o parlamentar.<\/p>\n<p>&nbsp;<\/p>\n<p dir=\"ltr\"><strong>Negocia\u00e7\u00e3o &#8211;<\/strong>\u00a0Uma reuni\u00e3o est\u00e1 marcada para o meio dia de hoje entre Sindicato e o presidente do Metr\u00f4 -DF, Marcelo Dourado. Chico vai participar da reuni\u00e3o para ajudar nas negocia\u00e7\u00f5es.<\/p>\n<p dir=\"ltr\" style=\"text-align: right;\"><span style=\"color: #ff0000;\"><em><strong>Por Marcos Paulo Lima,\u00a0via www.chicovigilante.com.br<\/strong><\/em><\/span><\/p>\n<p>Veja as fotos:<\/p>\n<p style=\"text-align: center;\">[metaslider id=5507]<\/p>\n<p>&nbsp;<\/p>\n<p>&nbsp;<\/p>\n<p>&nbsp;<\/p>\n<p>&nbsp;<\/p>\n<p>&nbsp;<\/p>\n<p class=\"wpf_wrapper\"><a class=\"print_link\" href=\"\" target=\"_blank\">Preparar para impress\u00e3o<\/a><\/p><!-- .wpf_wrapper -->","protected":false},"excerpt":{"rendered":"<p>A esta\u00e7\u00e3o do metr\u00f4 de \u00c1guas Claras, sede da administra\u00e7\u00e3o do Metr\u00f4 DF, amanheceu nesta segunda-feira (07\/03) trancada por correntes&hellip; <\/p>\n","protected":false},"author":1,"featured_media":0,"comment_status":"closed","ping_status":"closed","sticky":false,"template":"","format":"standard","meta":{"footnotes":""},"categories":[7],"tags":[],"class_list":["post-5497","post","type-post","status-publish","format-standard","hentry","category-noticias"],"jetpack_featured_media_url":"","_links":{"self":[{"href":"https:\/\/sindesvdf.com.br\/news\/wp-json\/wp\/v2\/posts\/5497","targetHints":{"allow":["GET"]}}],"collection":[{"href":"https:\/\/sindesvdf.com.br\/news\/wp-json\/wp\/v2\/posts"}],"about":[{"href":"https:\/\/sindesvdf.com.br\/news\/wp-json\/wp\/v2\/types\/post"}],"author":[{"embeddable":true,"href":"https:\/\/sindesvdf.com.br\/news\/wp-json\/wp\/v2\/users\/1"}],"replies":[{"embeddable":true,"href":"https:\/\/sindesvdf.com.br\/news\/wp-json\/wp\/v2\/comments?post=5497"}],"version-history":[{"count":5,"href":"https:\/\/sindesvdf.com.br\/news\/wp-json\/wp\/v2\/posts\/5497\/revisions"}],"predecessor-version":[{"id":5516,"href":"https:\/\/sindesvdf.com.br\/news\/wp-json\/wp\/v2\/posts\/5497\/revisions\/5516"}],"wp:attachment":[{"href":"https:\/\/sindesvdf.com.br\/news\/wp-json\/wp\/v2\/media?parent=5497"}],"wp:term":[{"taxonomy":"category","embeddable":true,"href":"https:\/\/sindesvdf.com.br\/news\/wp-json\/wp\/v2\/categories?post=5497"},{"taxonomy":"post_tag","embeddable":true,"href":"https:\/\/sindesvdf.com.br\/news\/wp-json\/wp\/v2\/tags?post=5497"}],"curies":[{"name":"wp","href":"https:\/\/api.w.org\/{rel}","templated":true}]}}