{"id":5545,"date":"2016-03-10T12:48:30","date_gmt":"2016-03-10T15:48:30","guid":{"rendered":"http:\/\/sindesvdf.com.br\/news\/?p=5545"},"modified":"2016-04-15T11:43:24","modified_gmt":"2016-04-15T14:43:24","slug":"apos-ato-em-defesa-do-emprego-metro-rediscute-demissoes-de-vigilantes","status":"publish","type":"post","link":"https:\/\/sindesvdf.com.br\/news\/apos-ato-em-defesa-do-emprego-metro-rediscute-demissoes-de-vigilantes\/","title":{"rendered":"Ap\u00f3s ato em defesa do emprego, Metr\u00f4 rediscute demiss\u00f5es de vigilantes"},"content":{"rendered":"<header>\n<h1 class=\"entry-title\"><img loading=\"lazy\" decoding=\"async\" class=\"wp-image-5904 size-full aligncenter\" src=\"http:\/\/sindesvdf.com.br\/news\/wp-content\/uploads\/2016\/03\/DSC_0515-1-e1460731366502.jpg\" width=\"699\" height=\"524\" srcset=\"https:\/\/sindesvdf.com.br\/news\/wp-content\/uploads\/2016\/03\/DSC_0515-1-e1460731366502.jpg 699w, https:\/\/sindesvdf.com.br\/news\/wp-content\/uploads\/2016\/03\/DSC_0515-1-e1460731366502-300x225.jpg 300w, https:\/\/sindesvdf.com.br\/news\/wp-content\/uploads\/2016\/03\/DSC_0515-1-e1460731366502-678x509.jpg 678w, https:\/\/sindesvdf.com.br\/news\/wp-content\/uploads\/2016\/03\/DSC_0515-1-e1460731366502-326x245.jpg 326w, https:\/\/sindesvdf.com.br\/news\/wp-content\/uploads\/2016\/03\/DSC_0515-1-e1460731366502-80x60.jpg 80w\" sizes=\"auto, (max-width: 699px) 100vw, 699px\" \/><\/h1>\n<\/header>\n<div class=\"td-post-text-content\">\n<p>Intensa mobiliza\u00e7\u00e3o dos vigilantes do Metr\u00f4 DF, com apoio de outras categorias solid\u00e1rias \u00e0 luta classista, garantiu reuni\u00e3o entre presid\u00eancia da empresa, Minist\u00e9rio P\u00fablico e trabalhadores para tratar da demiss\u00e3o em massa<img loading=\"lazy\" decoding=\"async\" class=\"alignright wp-image-20014\" src=\"http:\/\/www.cutbrasilia.org.br\/site\/wp-content\/uploads\/2016\/03\/Ato-Vigilantes-Metr%C3%B4-Metro-de-%C3%81guas-Claras-Heitor-Lopes-9-300x169.jpg\" sizes=\"auto, (max-width: 343px) 100vw, 343px\" srcset=\"http:\/\/www.cutbrasilia.org.br\/site\/wp-content\/uploads\/2016\/03\/Ato-Vigilantes-Metr\u00f4-Metro-de-\u00c1guas-Claras-Heitor-Lopes-9-300x169.jpg 300w, http:\/\/www.cutbrasilia.org.br\/site\/wp-content\/uploads\/2016\/03\/Ato-Vigilantes-Metr\u00f4-Metro-de-\u00c1guas-Claras-Heitor-Lopes-9-768x432.jpg 768w, http:\/\/www.cutbrasilia.org.br\/site\/wp-content\/uploads\/2016\/03\/Ato-Vigilantes-Metr\u00f4-Metro-de-\u00c1guas-Claras-Heitor-Lopes-9-1024x576.jpg 1024w, http:\/\/www.cutbrasilia.org.br\/site\/wp-content\/uploads\/2016\/03\/Ato-Vigilantes-Metr\u00f4-Metro-de-\u00c1guas-Claras-Heitor-Lopes-9-700x394.jpg 700w\" alt=\"Ato Vigilantes Metr\u00f4 - Metro de \u00c1guas Claras - Heitor Lopes (9)\" width=\"343\" height=\"193\" \/>anunciada para o pr\u00f3ximo dia 30 pela empresa de transportes. Mais de 100 vigilantes podem ser diretamente prejudicados com a medida. O Metr\u00f4 tenta justificar o corte de custos, alegando que est\u00e3o sendo contratados 30 agentes de seguran\u00e7a concursados.<br \/>\nAo tomar conhecimento da situa\u00e7\u00e3o, o Sindicato dos Vigilantes do DF (SINDESV-DF), realizou ato pol\u00edtico\u00a0na madrugada e manh\u00e3 da \u00faltima segunda-feira (7\/3) na sede do Metr\u00f4 no Distrito Federal, localizada na esta\u00e7\u00e3o \u00c1guas Claras. Os trabalhadores participaram do protesto iniciado \u00e0s 3h30 e s\u00f3 retomaram o trabalho \u00e0s 8h, quando foi sinalizado que a diretoria do Metr\u00f4 estaria disposta a dialogar. Outras categorias como rodovi\u00e1rios, comerci\u00e1rios, trabalhadores da limpeza urbana e lideran\u00e7as sindicais da CUT Bras\u00edlia estiveram presentes na mobiliza\u00e7\u00e3o.<\/p>\n<p><img loading=\"lazy\" decoding=\"async\" class=\"alignright wp-image-20013\" src=\"http:\/\/www.cutbrasilia.org.br\/site\/wp-content\/uploads\/2016\/03\/Ato-Vigilantes-Metr%C3%B4-Metro-de-%C3%81guas-Claras-Heitor-Lopes-2-300x169.jpg\" sizes=\"auto, (max-width: 344px) 100vw, 344px\" srcset=\"http:\/\/www.cutbrasilia.org.br\/site\/wp-content\/uploads\/2016\/03\/Ato-Vigilantes-Metr\u00f4-Metro-de-\u00c1guas-Claras-Heitor-Lopes-2-300x169.jpg 300w, http:\/\/www.cutbrasilia.org.br\/site\/wp-content\/uploads\/2016\/03\/Ato-Vigilantes-Metr\u00f4-Metro-de-\u00c1guas-Claras-Heitor-Lopes-2-768x432.jpg 768w, http:\/\/www.cutbrasilia.org.br\/site\/wp-content\/uploads\/2016\/03\/Ato-Vigilantes-Metr\u00f4-Metro-de-\u00c1guas-Claras-Heitor-Lopes-2-1024x576.jpg 1024w, http:\/\/www.cutbrasilia.org.br\/site\/wp-content\/uploads\/2016\/03\/Ato-Vigilantes-Metr\u00f4-Metro-de-\u00c1guas-Claras-Heitor-Lopes-2-700x394.jpg 700w\" alt=\"Ato Vigilantes Metr\u00f4 - Metro de \u00c1guas Claras - Heitor Lopes (2)\" width=\"344\" height=\"194\" \/><em>\u201cMais de 100 pais e m\u00e3es de fam\u00edlia podem ficar sem emprego. Achamos que isso \u00e9 um absurdo. Temos o compromisso de defender o trabalho. Al\u00e9m disso,entendemos que a presen\u00e7a dos vigilantes \u00e9 fundamental no Metr\u00f4 e n\u00e3o s\u00e3o substitu\u00edveis por agentes de seguran\u00e7a, uma vez que o servi\u00e7o de vigil\u00e2ncia possui recursos, fun\u00e7\u00f5es e capacita\u00e7\u00e3o totalmente diferentes. Nos colocamos \u00e0 disposi\u00e7\u00e3o dos companheiros vigilantes e temos certeza que a uni\u00e3o conquistar\u00e1 a vit\u00f3ria\u201d<\/em>, afirma o dirigente da CUT Bras\u00edlia e do Sindicato dos Rodovi\u00e1rios, Marcos Junio Duarte.<\/p>\n<p>De acordo com a presid\u00eancia do Metr\u00f4, o Minist\u00e9rio P\u00fablico recomendou a co<br \/>\nntrata\u00e7\u00e3o dos agentes de seguran\u00e7a, que j\u00e1 haviam sido aprovados em concurso p\u00fablico. Por isso, apenas o \u00f3rg\u00e3o<img loading=\"lazy\" decoding=\"async\" class=\"alignright wp-image-20012\" src=\"http:\/\/www.cutbrasilia.org.br\/site\/wp-content\/uploads\/2016\/03\/Ato-Vigilantes-Metr%C3%B4-Metro-de-%C3%81guas-Claras-Heitor-Lopes-1-300x169.jpg\" sizes=\"auto, (max-width: 350px) 100vw, 350px\" srcset=\"http:\/\/www.cutbrasilia.org.br\/site\/wp-content\/uploads\/2016\/03\/Ato-Vigilantes-Metr\u00f4-Metro-de-\u00c1guas-Claras-Heitor-Lopes-1-300x169.jpg 300w, http:\/\/www.cutbrasilia.org.br\/site\/wp-content\/uploads\/2016\/03\/Ato-Vigilantes-Metr\u00f4-Metro-de-\u00c1guas-Claras-Heitor-Lopes-1-768x432.jpg 768w, http:\/\/www.cutbrasilia.org.br\/site\/wp-content\/uploads\/2016\/03\/Ato-Vigilantes-Metr\u00f4-Metro-de-\u00c1guas-Claras-Heitor-Lopes-1-1024x576.jpg 1024w, http:\/\/www.cutbrasilia.org.br\/site\/wp-content\/uploads\/2016\/03\/Ato-Vigilantes-Metr\u00f4-Metro-de-\u00c1guas-Claras-Heitor-Lopes-1-700x394.jpg 700w\" alt=\"Ato Vigilantes Metr\u00f4 - Metro de \u00c1guas Claras - Heitor Lopes (1)\" width=\"350\" height=\"197\" \/>poder\u00e1 deliberar sobre a demiss\u00e3o em massa. <em>\u201c<\/em>N\u00e3o somos contra a contrata\u00e7\u00e3o dos agentes. Muito pelo contr\u00e1rio, se eles foram aprovados em concurso t\u00eam todo o direito de assumir, mas isso n\u00e3o pode ser usado como justificativa para a demiss\u00e3o dos trabalhadores que atualmente comp\u00f5em o corpo de seguran\u00e7a do Metr\u00f4, garantindo a seguran\u00e7a do transporte e da popula\u00e7\u00e3o usu\u00e1ria\u201d, explica Douglas de Almeida Cunha, secret\u00e1rio de Organiza\u00e7\u00e3o da CUT Bras\u00edlia.<\/p>\n<p><em>\u201cO presidente do Metr\u00f4 j\u00e1 enviou of\u00edcio ao Minist\u00e9rio e aguardamos a reuni\u00e3o para ent\u00e3o deliberar sobre os pr\u00f3ximos passos de mobiliza\u00e7\u00e3o da categoria. Se for necess\u00e1rio, realizaremos outros atos e paralisa\u00e7\u00f5es em prol desses vigilantes. Essa \u00e9 uma luta de todos n\u00f3s\u201d<\/em>, afirma o vice-presidente do SINDESV-DF, Paulo Quadros.<\/p>\n<p style=\"text-align: right;\"><span style=\"color: #ff0000;\"><em>Fonte: CUT Bras\u00edlia<\/em><\/span><\/p>\n<\/div>\n<p class=\"wpf_wrapper\"><a class=\"print_link\" href=\"\" target=\"_blank\">Preparar para impress\u00e3o<\/a><\/p><!-- .wpf_wrapper -->","protected":false},"excerpt":{"rendered":"<p>Intensa mobiliza\u00e7\u00e3o dos vigilantes do Metr\u00f4 DF, com apoio de outras categorias solid\u00e1rias \u00e0 luta classista, garantiu reuni\u00e3o entre presid\u00eancia&hellip; <\/p>\n","protected":false},"author":1,"featured_media":0,"comment_status":"closed","ping_status":"closed","sticky":false,"template":"","format":"standard","meta":{"footnotes":""},"categories":[7],"tags":[],"class_list":["post-5545","post","type-post","status-publish","format-standard","hentry","category-noticias"],"jetpack_featured_media_url":"","_links":{"self":[{"href":"https:\/\/sindesvdf.com.br\/news\/wp-json\/wp\/v2\/posts\/5545","targetHints":{"allow":["GET"]}}],"collection":[{"href":"https:\/\/sindesvdf.com.br\/news\/wp-json\/wp\/v2\/posts"}],"about":[{"href":"https:\/\/sindesvdf.com.br\/news\/wp-json\/wp\/v2\/types\/post"}],"author":[{"embeddable":true,"href":"https:\/\/sindesvdf.com.br\/news\/wp-json\/wp\/v2\/users\/1"}],"replies":[{"embeddable":true,"href":"https:\/\/sindesvdf.com.br\/news\/wp-json\/wp\/v2\/comments?post=5545"}],"version-history":[{"count":5,"href":"https:\/\/sindesvdf.com.br\/news\/wp-json\/wp\/v2\/posts\/5545\/revisions"}],"predecessor-version":[{"id":5906,"href":"https:\/\/sindesvdf.com.br\/news\/wp-json\/wp\/v2\/posts\/5545\/revisions\/5906"}],"wp:attachment":[{"href":"https:\/\/sindesvdf.com.br\/news\/wp-json\/wp\/v2\/media?parent=5545"}],"wp:term":[{"taxonomy":"category","embeddable":true,"href":"https:\/\/sindesvdf.com.br\/news\/wp-json\/wp\/v2\/categories?post=5545"},{"taxonomy":"post_tag","embeddable":true,"href":"https:\/\/sindesvdf.com.br\/news\/wp-json\/wp\/v2\/tags?post=5545"}],"curies":[{"name":"wp","href":"https:\/\/api.w.org\/{rel}","templated":true}]}}