{"id":5590,"date":"2016-03-23T12:01:50","date_gmt":"2016-03-23T15:01:50","guid":{"rendered":"http:\/\/sindesvdf.com.br\/news\/?p=5590"},"modified":"2016-04-15T11:10:49","modified_gmt":"2016-04-15T14:10:49","slug":"companheiros-e-companheiras-primeiro-leiam-depois-podemos-conversar","status":"publish","type":"post","link":"https:\/\/sindesvdf.com.br\/news\/companheiros-e-companheiras-primeiro-leiam-depois-podemos-conversar\/","title":{"rendered":"Companheiros e companheiras, primeiro leiam, depois podemos conversar."},"content":{"rendered":"<p><img loading=\"lazy\" decoding=\"async\" class=\"aligncenter wp-image-5896 size-full\" src=\"http:\/\/sindesvdf.com.br\/news\/wp-content\/uploads\/2016\/04\/novo_plano_pame.png\" width=\"700\" height=\"525\" \/><\/p>\n<p>Muitos est\u00e3o se deixando levar pelo calor da discuss\u00e3o sem qualquer an\u00e1lise mais profunda do que o Sindicato dos Vigilantes do DF colocou em sua nota. <strong>O SINDESV negociou exaustivamente sim<\/strong>, com v\u00e1rias operadoras e quase todas elas n\u00e3o aceitaram, pois para elas o que interessa \u00e9 apenas o lucro e nada mais. Eles n\u00e3o se importam se s\u00e3o 18 mil ou 18 pessoas, desde que lhes d\u00ea lucro. Ent\u00e3o esse discurso de que somos muitos n\u00e3o cola para as operadoras.<\/p>\n<p>N\u00e3o estamos tentando convencer ningu\u00e9m a continuar ou a deixar o Plano de Sa\u00fade. Estamos s\u00f3 alertando que a\u00ed do lado de fora a coisa \u00e9 bem pior. Temos as mais variadas idades em nossa categoria, jovens e mais velhos e conseguimos, ao longo dos anos incluir a todos pelo mesmo valor, quando a imensa maioria das operadoras cobra por idade. Portanto, um vigiante perto dos 50 anos, l\u00e1 fora pagaria perto de 1 mil reais e aqui no Sindicato paga o mesmo valor dos mais jovens.<\/p>\n<p>N\u00e3o me\u00e7am a qualidade do Plano de Sa\u00fade por causa do nome. Muitas dessas operadoras famosas est\u00e3o quebrando e dando calote, como foi o caso da Unimed Paulistana, que tinha quase 800 mil pessoas e muitas pessoas pagavam at\u00e9 2 mil reais e mesmo assim ela quebrou e levou todo mundo para o buraco.<\/p>\n<p>Temos certeza que os vigilantes que sa\u00edrem do Plano de Sa\u00fade encontr\u00e3o uma realidade muito diferente do que est\u00e1 imaginando. T\u00eam v\u00e1rias pessoas que sequer s\u00e3o vigilantes, s\u00e3o corretores de Plano de Sa\u00fade que est\u00e3o mentindo para voc\u00eas para vender seu peixe. Estamos chamando esses corretores aqui no Sindicato para que coloquem suas propostas para 18 mil vigilantes. Ser\u00e1 que v\u00e3o aparecer? Dificilmente, pois o que eles querem \u00e9 criar tumulto e se aproveitar da situa\u00e7\u00e3o para pegar alguns e depois, ignorar o seu preju\u00edzo.<\/p>\n<p>Mesmo assim, se desejarem entrar em um Plano de Sa\u00fade l\u00e1 fora, procurem o Sindicato para que possamos ajud\u00e1-lo a analisar os contratos com esses corretores, para ver se est\u00e1 tudo correto e n\u00e3o tem qualquer armadilha que o amarrar\u00e1 em um preju\u00edzo futuro. Estamos do seu lado, buscando o que \u00e9 melhor para voc\u00ea.<\/p>\n<p class=\"wpf_wrapper\"><a class=\"print_link\" href=\"\" target=\"_blank\">Preparar para impress\u00e3o<\/a><\/p><!-- .wpf_wrapper -->","protected":false},"excerpt":{"rendered":"<p>Muitos est\u00e3o se deixando levar pelo calor da discuss\u00e3o sem qualquer an\u00e1lise mais profunda do que o Sindicato dos Vigilantes&hellip; <\/p>\n","protected":false},"author":1,"featured_media":0,"comment_status":"closed","ping_status":"closed","sticky":false,"template":"","format":"standard","meta":{"footnotes":""},"categories":[7],"tags":[],"class_list":["post-5590","post","type-post","status-publish","format-standard","hentry","category-noticias"],"jetpack_featured_media_url":"","_links":{"self":[{"href":"https:\/\/sindesvdf.com.br\/news\/wp-json\/wp\/v2\/posts\/5590","targetHints":{"allow":["GET"]}}],"collection":[{"href":"https:\/\/sindesvdf.com.br\/news\/wp-json\/wp\/v2\/posts"}],"about":[{"href":"https:\/\/sindesvdf.com.br\/news\/wp-json\/wp\/v2\/types\/post"}],"author":[{"embeddable":true,"href":"https:\/\/sindesvdf.com.br\/news\/wp-json\/wp\/v2\/users\/1"}],"replies":[{"embeddable":true,"href":"https:\/\/sindesvdf.com.br\/news\/wp-json\/wp\/v2\/comments?post=5590"}],"version-history":[{"count":3,"href":"https:\/\/sindesvdf.com.br\/news\/wp-json\/wp\/v2\/posts\/5590\/revisions"}],"predecessor-version":[{"id":5900,"href":"https:\/\/sindesvdf.com.br\/news\/wp-json\/wp\/v2\/posts\/5590\/revisions\/5900"}],"wp:attachment":[{"href":"https:\/\/sindesvdf.com.br\/news\/wp-json\/wp\/v2\/media?parent=5590"}],"wp:term":[{"taxonomy":"category","embeddable":true,"href":"https:\/\/sindesvdf.com.br\/news\/wp-json\/wp\/v2\/categories?post=5590"},{"taxonomy":"post_tag","embeddable":true,"href":"https:\/\/sindesvdf.com.br\/news\/wp-json\/wp\/v2\/tags?post=5590"}],"curies":[{"name":"wp","href":"https:\/\/api.w.org\/{rel}","templated":true}]}}