{"id":5627,"date":"2016-03-29T15:06:17","date_gmt":"2016-03-29T18:06:17","guid":{"rendered":"http:\/\/sindesvdf.com.br\/news\/?p=5627"},"modified":"2016-03-29T17:29:13","modified_gmt":"2016-03-29T20:29:13","slug":"sindicato-e-chico-vigilante-salvam-o-emprego-de-50-vigilantes-do-metro","status":"publish","type":"post","link":"https:\/\/sindesvdf.com.br\/news\/sindicato-e-chico-vigilante-salvam-o-emprego-de-50-vigilantes-do-metro\/","title":{"rendered":"Sindicato e Chico Vigilante salvam o emprego de 50 vigilantes do Metr\u00f4"},"content":{"rendered":"<p><img loading=\"lazy\" decoding=\"async\" class=\"aligncenter wp-image-5632 size-large\" src=\"http:\/\/sindesvdf.com.br\/news\/wp-content\/uploads\/2016\/03\/DSC_0042-e1459277931735-790x537.jpg\" alt=\"DSC_0042\" width=\"790\" height=\"537\" \/><br \/>\nO Metr\u00f4-DF demitiu 96 vigilantes, jogando na rua pais e m\u00e3es de fam\u00edlia. O Sindicato vem reagindo bravamente contra as demiss\u00f5es atrav\u00e9s de negocia\u00e7\u00f5es e atos p\u00fablicos.<\/p>\n<p>No dia 29\/03, pela manh\u00e3 tivemos mais uma reuni\u00e3o com a diretora t\u00e9cnica e presidente em exerc\u00edcio do Metr\u00f4-DF, Daniela Diniz para tratar das 96 demiss\u00f5es. Dessa reuni\u00e3o participaram, al\u00e9m da Dr\u00aa Daniela, o deputado Distrital Chico Vigilante, o vice-presidente do SINDESV-DF, Paulo Quadros, junto com o tamb\u00e9m diretor Florismar Vilarindo, al\u00e9m de advogados e diretores do Metr\u00f4-DF.<\/p>\n<p><img loading=\"lazy\" decoding=\"async\" class=\"alignleft wp-image-5639\" src=\"http:\/\/sindesvdf.com.br\/news\/wp-content\/uploads\/2016\/03\/DSC_0025-1-1-300x204.jpg\" alt=\"DSC_0025 (1)\" width=\"350\" height=\"238\" srcset=\"https:\/\/sindesvdf.com.br\/news\/wp-content\/uploads\/2016\/03\/DSC_0025-1-1-300x204.jpg 300w, https:\/\/sindesvdf.com.br\/news\/wp-content\/uploads\/2016\/03\/DSC_0025-1-1-768x522.jpg 768w, https:\/\/sindesvdf.com.br\/news\/wp-content\/uploads\/2016\/03\/DSC_0025-1-1-790x537.jpg 790w, https:\/\/sindesvdf.com.br\/news\/wp-content\/uploads\/2016\/03\/DSC_0025-1-1.jpg 925w\" sizes=\"auto, (max-width: 350px) 100vw, 350px\" \/><img loading=\"lazy\" decoding=\"async\" class=\"alignleft wp-image-5640\" src=\"http:\/\/sindesvdf.com.br\/news\/wp-content\/uploads\/2016\/03\/DSC_0031-1-300x200.jpg\" alt=\"DSC_0031\" width=\"350\" height=\"234\" srcset=\"https:\/\/sindesvdf.com.br\/news\/wp-content\/uploads\/2016\/03\/DSC_0031-1-300x200.jpg 300w, https:\/\/sindesvdf.com.br\/news\/wp-content\/uploads\/2016\/03\/DSC_0031-1-768x513.jpg 768w, https:\/\/sindesvdf.com.br\/news\/wp-content\/uploads\/2016\/03\/DSC_0031-1-790x527.jpg 790w, https:\/\/sindesvdf.com.br\/news\/wp-content\/uploads\/2016\/03\/DSC_0031-1-272x182.jpg 272w, https:\/\/sindesvdf.com.br\/news\/wp-content\/uploads\/2016\/03\/DSC_0031-1.jpg 989w\" sizes=\"auto, (max-width: 350px) 100vw, 350px\" \/>Ap\u00f3s muita negocia\u00e7\u00e3o e com argumentos contundentes, conseguimos reverter 50 demiss\u00f5es, inclusive das 14 vigilantes mulheres.<\/p>\n<p>Mais uma vez o Sindicato dos Vigilantes, junto com o deputado Chico Vigilante, mostram o compromisso e o trabalho di\u00e1rio para defender direitos e o emprego dos vigilantes. Sabemos da import\u00e2ncia do trabalho dos vigilantes do Metr\u00f4-DF e consideramos a atividade essencial para a tranquilidade dos usu\u00e1rios e passageiros.<\/p>\n<p>Agradecemos a Dr\u00aa Daniela Diniz por ouvir nossas pondera\u00e7\u00f5es e o apelo da dire\u00e7\u00e3o do Sindicato e do deputado Chico Vigilante, o que garantiu o emprego de 50 pais e m\u00e3es de fam\u00edlia. A luta continua em defesa do emprego dos companheiros e companheiras.<\/p>\n<p class=\"wpf_wrapper\"><a class=\"print_link\" href=\"\" target=\"_blank\">Preparar para impress\u00e3o<\/a><\/p><!-- .wpf_wrapper -->","protected":false},"excerpt":{"rendered":"<p>O Metr\u00f4-DF demitiu 96 vigilantes, jogando na rua pais e m\u00e3es de fam\u00edlia. O Sindicato vem reagindo bravamente contra as&hellip; <\/p>\n","protected":false},"author":1,"featured_media":0,"comment_status":"closed","ping_status":"closed","sticky":false,"template":"","format":"standard","meta":{"footnotes":""},"categories":[7],"tags":[],"class_list":["post-5627","post","type-post","status-publish","format-standard","hentry","category-noticias"],"jetpack_featured_media_url":"","_links":{"self":[{"href":"https:\/\/sindesvdf.com.br\/news\/wp-json\/wp\/v2\/posts\/5627","targetHints":{"allow":["GET"]}}],"collection":[{"href":"https:\/\/sindesvdf.com.br\/news\/wp-json\/wp\/v2\/posts"}],"about":[{"href":"https:\/\/sindesvdf.com.br\/news\/wp-json\/wp\/v2\/types\/post"}],"author":[{"embeddable":true,"href":"https:\/\/sindesvdf.com.br\/news\/wp-json\/wp\/v2\/users\/1"}],"replies":[{"embeddable":true,"href":"https:\/\/sindesvdf.com.br\/news\/wp-json\/wp\/v2\/comments?post=5627"}],"version-history":[{"count":5,"href":"https:\/\/sindesvdf.com.br\/news\/wp-json\/wp\/v2\/posts\/5627\/revisions"}],"predecessor-version":[{"id":5641,"href":"https:\/\/sindesvdf.com.br\/news\/wp-json\/wp\/v2\/posts\/5627\/revisions\/5641"}],"wp:attachment":[{"href":"https:\/\/sindesvdf.com.br\/news\/wp-json\/wp\/v2\/media?parent=5627"}],"wp:term":[{"taxonomy":"category","embeddable":true,"href":"https:\/\/sindesvdf.com.br\/news\/wp-json\/wp\/v2\/categories?post=5627"},{"taxonomy":"post_tag","embeddable":true,"href":"https:\/\/sindesvdf.com.br\/news\/wp-json\/wp\/v2\/tags?post=5627"}],"curies":[{"name":"wp","href":"https:\/\/api.w.org\/{rel}","templated":true}]}}