{"id":5778,"date":"2016-04-05T09:30:06","date_gmt":"2016-04-05T12:30:06","guid":{"rendered":"http:\/\/sindesvdf.com.br\/news\/?p=5778"},"modified":"2016-04-05T09:30:06","modified_gmt":"2016-04-05T12:30:06","slug":"barrado-em-porta-giratoria-pm-da-voz-de-prisao-a-funcionarias-de-banco-em-brasilia","status":"publish","type":"post","link":"https:\/\/sindesvdf.com.br\/news\/barrado-em-porta-giratoria-pm-da-voz-de-prisao-a-funcionarias-de-banco-em-brasilia\/","title":{"rendered":"Barrado em porta girat\u00f3ria, PM d\u00e1 voz de pris\u00e3o a funcion\u00e1rias de banco em Bras\u00edlia"},"content":{"rendered":"<h4 style=\"text-align: center;\">Incidente aconteceu em ag\u00eancia da 510 Sul, no centro de Bras\u00edlia.<br \/>\nSeguran\u00e7as pediram documento, mas policial se negou a apresentar.<\/h4>\n<div style=\"width: 640px;\" class=\"wp-video\"><video class=\"wp-video-shortcode\" id=\"video-5778-1\" width=\"640\" height=\"360\" preload=\"metadata\" controls=\"controls\"><source type=\"video\/mp4\" src=\"http:\/\/sindesvdf.com.br\/news\/wp-content\/uploads\/2016\/04\/PM-Barrado-em-porta-girat\u00f3ria.mp4?_=1\" \/><a href=\"http:\/\/sindesvdf.com.br\/news\/wp-content\/uploads\/2016\/04\/PM-Barrado-em-porta-girat\u00f3ria.mp4\">http:\/\/sindesvdf.com.br\/news\/wp-content\/uploads\/2016\/04\/PM-Barrado-em-porta-girat\u00f3ria.mp4<\/a><\/video><\/div>\n<p>&nbsp;<\/p>\n<p>Um policial militar deu voz de pris\u00e3o a duas\u00a0funcion\u00e1rias de uma ag\u00eancia banc\u00e1ria de\u00a0Bras\u00edlia depois de n\u00e3o conseguir passar pela\u00a0porta girat\u00f3ria. A\u00a0s seguran\u00e7as pediram que ele\u00a0mostrasse documento de identifica\u00e7\u00e3o, mas ele\u00a0se recusou e for\u00e7ou a entrada. Um v\u00eddeo mostra\u00a0o momento em que ele leva as mulheres para\u00a0um carro da corpora\u00e7\u00e3o.<\/p>\n<p>De acordo com testemunhas, quando entrou\u00a0no banco, o PM se irritou com uma agente de\u00a0seguran\u00e7a que falou com ele. Ele chamou a\u00a0Pol\u00edcia Civil.<\/p>\n<p>As funcion\u00e1rias foram liberadas, mas uma\u00a0delas foi autuada por desacato. As mulheres\u00a0alegaram que ele poderia estar usando\u00a0uma farda falsa, por isso pediram ao PM a\u00a0identifica\u00e7\u00e3o.<\/p>\n<p>A ag\u00eancia fica na 510 Sul e j\u00e1 foi assaltada\u00a0tr\u00eas vezes. Em nota, a Pol\u00edcia Militar disse que\u00a0o homem n\u00e3o cometeu nenhum desvio de\u00a0conduta.<\/p>\n<p style=\"text-align: right;\"><span style=\"color: #ff0000;\"><em>Fonte: G1<\/em><\/span><\/p>\n<hr \/>\n<h4 style=\"text-align: center;\">Fala CNTV<\/h4>\n<p><span style=\"font-size: 18px;\">A Confedera\u00e7\u00e3o Nacional dos\u00a0Vigilantes (CNTV) e o Sindicato\u00a0dos Vigilantes do DF (SINDESV-DF) repudiam a a\u00e7\u00e3o do policial\u00a0e se solidariza \u00e0s companheiras\u00a0vigilantes que cumpriram seu\u00a0dever com maestria. A CNTV\u00a0lembra que \u00e9 fun\u00e7\u00e3o do vigilante\u00a0prezar pela seguran\u00e7a tanto do\u00a0patrim\u00f4nio quanto das pessoas\u00a0que ali trabalham\/frequentam.<\/span><\/p>\n<p><span style=\"font-size: 18px;\">A CNTV e o SINDESV-DF, juntamente\u00a0com o diretor das entidades e\u00a0deputado distrital, Chico Vigilante,\u00a0j\u00e1 est\u00e3o tomando as medidas\u00a0cab\u00edveis sobre este caso.<\/span><\/p>\n<p style=\"text-align: right;\"><em><span style=\"color: #ff0000;\">Fonte: CNTV<\/span><\/em><\/p>\n<p style=\"text-align: center;\">\n<p class=\"wpf_wrapper\"><a class=\"print_link\" href=\"\" target=\"_blank\">Preparar para impress\u00e3o<\/a><\/p><!-- .wpf_wrapper -->","protected":false},"excerpt":{"rendered":"<p>Incidente aconteceu em ag\u00eancia da 510 Sul, no centro de Bras\u00edlia. Seguran\u00e7as pediram documento, mas policial se negou a apresentar.&hellip; <\/p>\n","protected":false},"author":1,"featured_media":0,"comment_status":"closed","ping_status":"closed","sticky":false,"template":"","format":"standard","meta":{"footnotes":""},"categories":[7],"tags":[],"class_list":["post-5778","post","type-post","status-publish","format-standard","hentry","category-noticias"],"jetpack_featured_media_url":"","_links":{"self":[{"href":"https:\/\/sindesvdf.com.br\/news\/wp-json\/wp\/v2\/posts\/5778","targetHints":{"allow":["GET"]}}],"collection":[{"href":"https:\/\/sindesvdf.com.br\/news\/wp-json\/wp\/v2\/posts"}],"about":[{"href":"https:\/\/sindesvdf.com.br\/news\/wp-json\/wp\/v2\/types\/post"}],"author":[{"embeddable":true,"href":"https:\/\/sindesvdf.com.br\/news\/wp-json\/wp\/v2\/users\/1"}],"replies":[{"embeddable":true,"href":"https:\/\/sindesvdf.com.br\/news\/wp-json\/wp\/v2\/comments?post=5778"}],"version-history":[{"count":4,"href":"https:\/\/sindesvdf.com.br\/news\/wp-json\/wp\/v2\/posts\/5778\/revisions"}],"predecessor-version":[{"id":5783,"href":"https:\/\/sindesvdf.com.br\/news\/wp-json\/wp\/v2\/posts\/5778\/revisions\/5783"}],"wp:attachment":[{"href":"https:\/\/sindesvdf.com.br\/news\/wp-json\/wp\/v2\/media?parent=5778"}],"wp:term":[{"taxonomy":"category","embeddable":true,"href":"https:\/\/sindesvdf.com.br\/news\/wp-json\/wp\/v2\/categories?post=5778"},{"taxonomy":"post_tag","embeddable":true,"href":"https:\/\/sindesvdf.com.br\/news\/wp-json\/wp\/v2\/tags?post=5778"}],"curies":[{"name":"wp","href":"https:\/\/api.w.org\/{rel}","templated":true}]}}