{"id":5870,"date":"2016-04-14T11:13:28","date_gmt":"2016-04-14T14:13:28","guid":{"rendered":"http:\/\/sindesvdf.com.br\/news\/?p=5870"},"modified":"2016-04-18T10:45:43","modified_gmt":"2016-04-18T13:45:43","slug":"funcionaria-do-hub-acusa-superiores-de-assedio-moral","status":"publish","type":"post","link":"https:\/\/sindesvdf.com.br\/news\/funcionaria-do-hub-acusa-superiores-de-assedio-moral\/","title":{"rendered":"Funcion\u00e1ria do HUB acusa superiores de ass\u00e9dio moral"},"content":{"rendered":"<p><img loading=\"lazy\" decoding=\"async\" class=\"wp-image-5871 size-full aligncenter\" src=\"http:\/\/sindesvdf.com.br\/news\/wp-content\/uploads\/2016\/04\/pqHospital_Universitario1.jpg\" alt=\"pqHospital_Universitario1\" width=\"600\" height=\"400\" srcset=\"https:\/\/sindesvdf.com.br\/news\/wp-content\/uploads\/2016\/04\/pqHospital_Universitario1.jpg 600w, https:\/\/sindesvdf.com.br\/news\/wp-content\/uploads\/2016\/04\/pqHospital_Universitario1-300x200.jpg 300w, https:\/\/sindesvdf.com.br\/news\/wp-content\/uploads\/2016\/04\/pqHospital_Universitario1-272x182.jpg 272w\" sizes=\"auto, (max-width: 600px) 100vw, 600px\" \/><\/p>\n<h3 style=\"text-align: center;\"><em>A vigilante afirma que dois funcion\u00e1rios do hospital a tem humilhado pelo fato de ela ser mulher<\/em><\/h3>\n<hr \/>\n<p>Cansada das humilha\u00e7\u00f5es promovidas por dois superiores, uma vigilante que trabalha na Unidade de Sa\u00fade Bucal do Hospital Universit\u00e1rio de Bras\u00edlia (HUB) decidiu denunciar os epis\u00f3dios de ass\u00e9dio moral que sofre h\u00e1 cerca de um m\u00eas. Segundo\u00a0Maria*, 44 anos, coordenadores da seguran\u00e7a do local a discriminam pelo fato de ela ser mulher.\u00a0Nesta quarta-feira (13\/4), depois de nova investida, ela teve uma crise de choro e passou mal em\u00a0um dos banheiros da unidade.<\/p>\n<p>De acordo com a funcion\u00e1ria, o ass\u00e9dio \u00e9 praticado por dois funcion\u00e1rios do setor em que ela trabalha e teve in\u00edcio quando\u00a0Maria\u00a0e uma outra colega foram transferidas do Ambulat\u00f3rio I para a Unidade de Sa\u00fade Bucal do HUB.<em> \u201cQuando fomos apresentadas como as novas vigilantes da se\u00e7\u00e3o, esses dois funcion\u00e1rios\u00a0disseram que n\u00e3o queriam mulheres aqui\u201d<\/em>, afirma.<\/p>\n<p>Desde ent\u00e3o, os dois t\u00eam intimidado as vigilantes na tentativa de desestabiliz\u00e1-las psicologicamente. Em uma ocasi\u00e3o, apesar de Maria\u00a0ser respons\u00e1vel por zelar apenas pelo patrim\u00f4nio do hospital, os dois funcion\u00e1rios reclamaram publicamente das\u00a0vigilantes por elas n\u00e3o terem impedido furtos a carros no estacionamento do HUB, fun\u00e7\u00e3o pela qual n\u00e3o s\u00e3o respons\u00e1veis.<em>\u00a0\u201cEu comecei a me sentir um lixo, como se fosse nada\u201d<\/em>, desabafa.<\/p>\n<p>Nesta quarta-feira (13\/4), ap\u00f3s ouvir um coment\u00e1rio de que seria \u201cdevolvida\u201d ao local em que\u00a0trabalhava anteriormente, a funcion\u00e1ria\u00a0desabou.<em> \u201cAs coisas foram se acumulando dentro de mim at\u00e9 que hoje eu n\u00e3o consegui mais suportar\u201d.<\/em>\u00a0Maria\u00a0teve de ser auxiliada por outros funcion\u00e1rios do hospital e foi atendida por uma psic\u00f3loga que, de acordo com a mulher, confirmou a ela que os epis\u00f3dios constituem ass\u00e9dio moral.<\/p>\n<figure id=\"attachment_5872\" aria-describedby=\"caption-attachment-5872\" style=\"width: 790px\" class=\"wp-caption aligncenter\"><img loading=\"lazy\" decoding=\"async\" class=\"wp-image-5872 size-large\" src=\"http:\/\/sindesvdf.com.br\/news\/wp-content\/uploads\/2016\/04\/cats2-790x666.jpg\" alt=\"Reclama\u00e7\u00e3o feita pela funcion\u00e1ria na Ouvidoria do HUB\" width=\"790\" height=\"666\" srcset=\"https:\/\/sindesvdf.com.br\/news\/wp-content\/uploads\/2016\/04\/cats2-790x666.jpg 790w, https:\/\/sindesvdf.com.br\/news\/wp-content\/uploads\/2016\/04\/cats2-300x253.jpg 300w, https:\/\/sindesvdf.com.br\/news\/wp-content\/uploads\/2016\/04\/cats2-768x647.jpg 768w, https:\/\/sindesvdf.com.br\/news\/wp-content\/uploads\/2016\/04\/cats2.jpg 840w\" sizes=\"auto, (max-width: 790px) 100vw, 790px\" \/><figcaption id=\"caption-attachment-5872\" class=\"wp-caption-text\">Reclama\u00e7\u00e3o feita pela funcion\u00e1ria na Ouvidoria do HUB<\/figcaption><\/figure>\n<blockquote>\n<p style=\"padding-left: 60px;\">Ap\u00f3s o ocorrido, Maria registrou uma reclama\u00e7\u00e3o na Ouvidoria do HUB e espera que as investidas contra ela e a companheira de trabalho parem. <em>\u201cIsso \u00e9 um absurdo, ningu\u00e9m \u00e9 obrigado a trabalhar desse jeito. Pretendo correr atr\u00e1s disso at\u00e9 o fim\u201d<\/em>, diz.<\/p>\n<\/blockquote>\n<p>A assessoria de imprensa do HUB confirmou o recebimento da queixa\u00a0na Ouvidoria e afirmou que a ocorr\u00eancia foi encaminhada para a chefia da \u00e1rea. Ainda segundo o hospital,\u00a0o \u00f3rg\u00e3o\u00a0tem at\u00e9 20 dias para encaminhar uma resposta \u00e0 funcion\u00e1ria.<\/p>\n<p><em>*Nome fict\u00edcio a pedido da entrevistada<\/em><\/p>\n<p style=\"text-align: right;\">\u00a0<span style=\"color: #ff0000;\"><em>Fonte: metropoles.com<\/em><\/span><\/p>\n<hr \/>\n<h2 style=\"text-align: center;\">Nota do SINDESV-DF<\/h2>\n<p>O Sindicato dos Vigilantes do DF est\u00e1 prestando todo o apoio psicol\u00f3gico e\u00a0jur\u00eddico\u00a0\u00e0s nossas companheiras para que elas possam continuar lutando pelo direito de trabalhar\u00a0sem ser discriminadas\u00a0pelo fato de serem mulheres.<\/p>\n<p class=\"wpf_wrapper\"><a class=\"print_link\" href=\"\" target=\"_blank\">Preparar para impress\u00e3o<\/a><\/p><!-- .wpf_wrapper -->","protected":false},"excerpt":{"rendered":"<p>A vigilante afirma que dois funcion\u00e1rios do hospital a tem humilhado pelo fato de ela ser mulher Cansada das humilha\u00e7\u00f5es&hellip; <\/p>\n","protected":false},"author":1,"featured_media":0,"comment_status":"closed","ping_status":"closed","sticky":false,"template":"","format":"standard","meta":{"footnotes":""},"categories":[7],"tags":[],"class_list":["post-5870","post","type-post","status-publish","format-standard","hentry","category-noticias"],"jetpack_featured_media_url":"","_links":{"self":[{"href":"https:\/\/sindesvdf.com.br\/news\/wp-json\/wp\/v2\/posts\/5870","targetHints":{"allow":["GET"]}}],"collection":[{"href":"https:\/\/sindesvdf.com.br\/news\/wp-json\/wp\/v2\/posts"}],"about":[{"href":"https:\/\/sindesvdf.com.br\/news\/wp-json\/wp\/v2\/types\/post"}],"author":[{"embeddable":true,"href":"https:\/\/sindesvdf.com.br\/news\/wp-json\/wp\/v2\/users\/1"}],"replies":[{"embeddable":true,"href":"https:\/\/sindesvdf.com.br\/news\/wp-json\/wp\/v2\/comments?post=5870"}],"version-history":[{"count":8,"href":"https:\/\/sindesvdf.com.br\/news\/wp-json\/wp\/v2\/posts\/5870\/revisions"}],"predecessor-version":[{"id":5910,"href":"https:\/\/sindesvdf.com.br\/news\/wp-json\/wp\/v2\/posts\/5870\/revisions\/5910"}],"wp:attachment":[{"href":"https:\/\/sindesvdf.com.br\/news\/wp-json\/wp\/v2\/media?parent=5870"}],"wp:term":[{"taxonomy":"category","embeddable":true,"href":"https:\/\/sindesvdf.com.br\/news\/wp-json\/wp\/v2\/categories?post=5870"},{"taxonomy":"post_tag","embeddable":true,"href":"https:\/\/sindesvdf.com.br\/news\/wp-json\/wp\/v2\/tags?post=5870"}],"curies":[{"name":"wp","href":"https:\/\/api.w.org\/{rel}","templated":true}]}}