{"id":5953,"date":"2016-04-28T17:37:15","date_gmt":"2016-04-28T20:37:15","guid":{"rendered":"http:\/\/sindesvdf.com.br\/news\/?p=5953"},"modified":"2016-04-28T17:37:15","modified_gmt":"2016-04-28T20:37:15","slug":"gdf-publica-edital-e-mente-sobre-contratacao-de-7-400-vigilantes","status":"publish","type":"post","link":"https:\/\/sindesvdf.com.br\/news\/gdf-publica-edital-e-mente-sobre-contratacao-de-7-400-vigilantes\/","title":{"rendered":"GDF publica edital e mente sobre contrata\u00e7\u00e3o de 7.400 vigilantes"},"content":{"rendered":"<p><img loading=\"lazy\" decoding=\"async\" class=\"aligncenter wp-image-5954 size-full\" src=\"http:\/\/sindesvdf.com.br\/news\/wp-content\/uploads\/2016\/04\/PINOQUIO.jpg\" alt=\"PINOQUIO\" width=\"700\" height=\"525\" srcset=\"https:\/\/sindesvdf.com.br\/news\/wp-content\/uploads\/2016\/04\/PINOQUIO.jpg 700w, https:\/\/sindesvdf.com.br\/news\/wp-content\/uploads\/2016\/04\/PINOQUIO-300x225.jpg 300w, https:\/\/sindesvdf.com.br\/news\/wp-content\/uploads\/2016\/04\/PINOQUIO-678x509.jpg 678w, https:\/\/sindesvdf.com.br\/news\/wp-content\/uploads\/2016\/04\/PINOQUIO-326x245.jpg 326w, https:\/\/sindesvdf.com.br\/news\/wp-content\/uploads\/2016\/04\/PINOQUIO-80x60.jpg 80w\" sizes=\"auto, (max-width: 700px) 100vw, 700px\" \/>Ap\u00f3s publicar edital na ter\u00e7a-feira (26), o Governo do Distrito Federal (GDF) afirmou que contratar\u00e1 7.400 vigilantes para realizar a seguran\u00e7a patrimonial dos \u00f3rg\u00e3os p\u00fablicos. O Sindicato dos Vigilantes do DF (SINDESV-DF), juntamente com o deputado distrital e diretor da Confedera\u00e7\u00e3o Nacional dos Vigilantes (CNTV) Chico Vigilante, j\u00e1 est\u00e1 realizando um levantamento para saber, de fato, quantas novas vagas ser\u00e3o abertas.<\/p>\n<p>Segundo Chico Vigilante, o GDF aproveitar\u00e1 parte dos trabalhadores que est\u00e3o em postos de\u00a0servi\u00e7o atualmente. <em>\u201cPelo que vimos at\u00e9 agora, n\u00e3o est\u00e1 contemplado o n\u00famero de vigilantes que existe hoje. N\u00e3o ser\u00e3o abertas 7.400 novas vagas, como o GDF tentou fazer parecer. Na verdade, s\u00e3o vagas antigas preenchidas, por licita\u00e7\u00e3o, com os companheiros que j\u00e1 est\u00e3o nos postos\u201d<\/em>, esclareceu.<\/p>\n<p>S\u00e3o 3.705 postos de vigil\u00e2ncia, totalizando 7.410 vagas para atender 64 \u00f3rg\u00e3os, entre eles a Secretaria de Planejamento, Or\u00e7amento e Gest\u00e3o e a Secretaria de Sa\u00fade \u2013 atualmente sem contrato. S\u00e3o 800 endere\u00e7os espalhados por todo o DF. O preg\u00e3o est\u00e1 marcado para o dia 17 de maio.<\/p>\n<p><em>\u201cEssa licita\u00e7\u00e3o estava parada no Tribunal de Contas e foi autorizada somente agora. Ela \u00e9 da \u00e9poca do governo Agnelo e diz respeito a todos os postos de vigil\u00e2ncia do DF. Por isso, a not\u00edcia \u00e9 falsa quando diz que vai contratar 7.400 vigilantes\u201d<\/em>, afirmou Vigilante.<\/p>\n<p>A CNTV e o SINDESV-DF acompanhar\u00e3o todo o processo e denunciar\u00e1 aos \u00f3rg\u00e3os competentes qualquer tentativa de manipula\u00e7\u00e3o dos trabalhadores neste processo.<\/p>\n<p style=\"text-align: right;\"><em><span style=\"color: #ff0000;\">Fonte: CNTV<\/span><\/em><\/p>\n<p class=\"wpf_wrapper\"><a class=\"print_link\" href=\"\" target=\"_blank\">Preparar para impress\u00e3o<\/a><\/p><!-- .wpf_wrapper -->","protected":false},"excerpt":{"rendered":"<p>Ap\u00f3s publicar edital na ter\u00e7a-feira (26), o Governo do Distrito Federal (GDF) afirmou que contratar\u00e1 7.400 vigilantes para realizar a&hellip; <\/p>\n","protected":false},"author":1,"featured_media":0,"comment_status":"closed","ping_status":"closed","sticky":false,"template":"","format":"standard","meta":{"footnotes":""},"categories":[7],"tags":[],"class_list":["post-5953","post","type-post","status-publish","format-standard","hentry","category-noticias"],"jetpack_featured_media_url":"","_links":{"self":[{"href":"https:\/\/sindesvdf.com.br\/news\/wp-json\/wp\/v2\/posts\/5953","targetHints":{"allow":["GET"]}}],"collection":[{"href":"https:\/\/sindesvdf.com.br\/news\/wp-json\/wp\/v2\/posts"}],"about":[{"href":"https:\/\/sindesvdf.com.br\/news\/wp-json\/wp\/v2\/types\/post"}],"author":[{"embeddable":true,"href":"https:\/\/sindesvdf.com.br\/news\/wp-json\/wp\/v2\/users\/1"}],"replies":[{"embeddable":true,"href":"https:\/\/sindesvdf.com.br\/news\/wp-json\/wp\/v2\/comments?post=5953"}],"version-history":[{"count":1,"href":"https:\/\/sindesvdf.com.br\/news\/wp-json\/wp\/v2\/posts\/5953\/revisions"}],"predecessor-version":[{"id":5955,"href":"https:\/\/sindesvdf.com.br\/news\/wp-json\/wp\/v2\/posts\/5953\/revisions\/5955"}],"wp:attachment":[{"href":"https:\/\/sindesvdf.com.br\/news\/wp-json\/wp\/v2\/media?parent=5953"}],"wp:term":[{"taxonomy":"category","embeddable":true,"href":"https:\/\/sindesvdf.com.br\/news\/wp-json\/wp\/v2\/categories?post=5953"},{"taxonomy":"post_tag","embeddable":true,"href":"https:\/\/sindesvdf.com.br\/news\/wp-json\/wp\/v2\/tags?post=5953"}],"curies":[{"name":"wp","href":"https:\/\/api.w.org\/{rel}","templated":true}]}}