{"id":5969,"date":"2016-06-01T09:58:40","date_gmt":"2016-06-01T12:58:40","guid":{"rendered":"http:\/\/sindesvdf.com.br\/news\/?p=5969"},"modified":"2016-06-01T11:12:29","modified_gmt":"2016-06-01T14:12:29","slug":"sindicato-e-chico-vigilante-pedem-ao-tcdf-liberacao-da-licitacao-para-contratacao-de-seguranca-privada","status":"publish","type":"post","link":"https:\/\/sindesvdf.com.br\/news\/sindicato-e-chico-vigilante-pedem-ao-tcdf-liberacao-da-licitacao-para-contratacao-de-seguranca-privada\/","title":{"rendered":"Sindicato e Chico Vigilante pedem ao TCDF libera\u00e7\u00e3o da licita\u00e7\u00e3o para contrata\u00e7\u00e3o de seguran\u00e7a privada"},"content":{"rendered":"<p><img loading=\"lazy\" decoding=\"async\" class=\"aligncenter wp-image-5970 size-large\" src=\"http:\/\/sindesvdf.com.br\/news\/wp-content\/uploads\/2016\/06\/Reuni\u00e3o-pres-TCDF-sobre-preg\u00e3o-790x593.jpg\" alt=\"Reuni\u00e3o pres TCDF sobre preg\u00e3o\" width=\"790\" height=\"593\" srcset=\"https:\/\/sindesvdf.com.br\/news\/wp-content\/uploads\/2016\/06\/Reuni\u00e3o-pres-TCDF-sobre-preg\u00e3o-790x593.jpg 790w, https:\/\/sindesvdf.com.br\/news\/wp-content\/uploads\/2016\/06\/Reuni\u00e3o-pres-TCDF-sobre-preg\u00e3o-300x225.jpg 300w, https:\/\/sindesvdf.com.br\/news\/wp-content\/uploads\/2016\/06\/Reuni\u00e3o-pres-TCDF-sobre-preg\u00e3o-768x576.jpg 768w, https:\/\/sindesvdf.com.br\/news\/wp-content\/uploads\/2016\/06\/Reuni\u00e3o-pres-TCDF-sobre-preg\u00e3o-678x509.jpg 678w, https:\/\/sindesvdf.com.br\/news\/wp-content\/uploads\/2016\/06\/Reuni\u00e3o-pres-TCDF-sobre-preg\u00e3o-326x245.jpg 326w, https:\/\/sindesvdf.com.br\/news\/wp-content\/uploads\/2016\/06\/Reuni\u00e3o-pres-TCDF-sobre-preg\u00e3o-80x60.jpg 80w, https:\/\/sindesvdf.com.br\/news\/wp-content\/uploads\/2016\/06\/Reuni\u00e3o-pres-TCDF-sobre-preg\u00e3o.jpg 1032w\" sizes=\"auto, (max-width: 790px) 100vw, 790px\" \/><\/p>\n<p>O deputado distrital Chico Vigilante (PT) juntamente com o presidente e o secret\u00e1rio geral do Sindicato dos Vigilantes Jervalino Bispo e Moises da Consola\u00e7\u00e3o pediram ao presidente do Tribunal de Contas do DF (TCDF), Renato Rainha, agilidade no processo para libera\u00e7\u00e3o da licita\u00e7\u00e3o que renovar\u00e1 a contrata\u00e7\u00e3o de empresas de vigil\u00e2ncia privada com o GDF.<\/p>\n<p>Os sindicalistas apresentaram a\u00a0Rainha uma s\u00e9rie de questionamentos sobre a liminar que suspendeu a licita\u00e7\u00e3o. De acordo com o grupo, os empres\u00e1rios que atualmente t\u00eam contrato com o GDF quiseram barrar o processo para n\u00e3o perder o monop\u00f3lio da presta\u00e7\u00e3o de servi\u00e7o privado.<\/p>\n<p><em>\u201cHoje, apenas cinco empresas de vigil\u00e2ncia prestam servi\u00e7o para todo o GDF. A nova licita\u00e7\u00e3o est\u00e1 dividida em 15 lotes. Isso vai democratizar a presta\u00e7\u00e3o de servi\u00e7o e reduzir os custos para o GDF\u201d<\/em>, explicou o parlamentar.<\/p>\n<p><em>\u201cO governo pode economizar at\u00e9 R$ 50 milh\u00f5es ao ano com a licita\u00e7\u00e3o, \u00a0mantendo os mesmos postos de seguran\u00e7a\u201d<\/em>, completou.<\/p>\n<p>Para Jervalino Bispo, a licita\u00e7\u00e3o tamb\u00e9m \u00e9 mais uma forma de dar tranquilidade para os trabalhadores das empresas prestadoras de servi\u00e7o. <em>\u00a0\u201cEles est\u00e3o com medo de perder os seus postos de trabalho\u201d<\/em>, contou.<\/p>\n<p><em>\u201cUma lei proposta por Chico Vigilante, j\u00e1 aprovada na C\u00e2mara Legislativa, determina que as empresas que ganharem a licita\u00e7\u00e3o ter\u00e3o a obriga\u00e7\u00e3o de contratar os mesmos trabalhadores que j\u00e1 prestam servi\u00e7o para o GDF\u201d<\/em>, explicou o presidente do Sindicato.<\/p>\n<p>Rainha garantiu ao grupo que assim que a Secretaria de Planejamento encaminhar ao \u00f3rg\u00e3o os documentos que est\u00e3o faltando na licita\u00e7\u00e3o, pedir\u00e1 \u00e0 assessoria t\u00e9cnica para agilizar o processo de \u00a0vota\u00e7\u00e3o no plen\u00e1rio.<\/p>\n<div>\n<p style=\"text-align: right;\"><span style=\"color: #ff0000;\"><em>Com informa\u00e7\u00f5es de\u00a0Veronica Soarez<br \/>\nda Assessoria de Comunica\u00e7\u00e3o do Dep. Chico Vigilante<\/em><\/span><\/p>\n<\/div>\n<p class=\"wpf_wrapper\"><a class=\"print_link\" href=\"\" target=\"_blank\">Preparar para impress\u00e3o<\/a><\/p><!-- .wpf_wrapper -->","protected":false},"excerpt":{"rendered":"<p>O deputado distrital Chico Vigilante (PT) juntamente com o presidente e o secret\u00e1rio geral do Sindicato dos Vigilantes Jervalino Bispo&hellip; <\/p>\n","protected":false},"author":1,"featured_media":0,"comment_status":"closed","ping_status":"closed","sticky":false,"template":"","format":"standard","meta":{"footnotes":""},"categories":[7],"tags":[],"class_list":["post-5969","post","type-post","status-publish","format-standard","hentry","category-noticias"],"jetpack_featured_media_url":"","_links":{"self":[{"href":"https:\/\/sindesvdf.com.br\/news\/wp-json\/wp\/v2\/posts\/5969","targetHints":{"allow":["GET"]}}],"collection":[{"href":"https:\/\/sindesvdf.com.br\/news\/wp-json\/wp\/v2\/posts"}],"about":[{"href":"https:\/\/sindesvdf.com.br\/news\/wp-json\/wp\/v2\/types\/post"}],"author":[{"embeddable":true,"href":"https:\/\/sindesvdf.com.br\/news\/wp-json\/wp\/v2\/users\/1"}],"replies":[{"embeddable":true,"href":"https:\/\/sindesvdf.com.br\/news\/wp-json\/wp\/v2\/comments?post=5969"}],"version-history":[{"count":2,"href":"https:\/\/sindesvdf.com.br\/news\/wp-json\/wp\/v2\/posts\/5969\/revisions"}],"predecessor-version":[{"id":5972,"href":"https:\/\/sindesvdf.com.br\/news\/wp-json\/wp\/v2\/posts\/5969\/revisions\/5972"}],"wp:attachment":[{"href":"https:\/\/sindesvdf.com.br\/news\/wp-json\/wp\/v2\/media?parent=5969"}],"wp:term":[{"taxonomy":"category","embeddable":true,"href":"https:\/\/sindesvdf.com.br\/news\/wp-json\/wp\/v2\/categories?post=5969"},{"taxonomy":"post_tag","embeddable":true,"href":"https:\/\/sindesvdf.com.br\/news\/wp-json\/wp\/v2\/tags?post=5969"}],"curies":[{"name":"wp","href":"https:\/\/api.w.org\/{rel}","templated":true}]}}