{"id":5996,"date":"2016-06-07T13:52:46","date_gmt":"2016-06-07T16:52:46","guid":{"rendered":"http:\/\/sindesvdf.com.br\/news\/?p=5996"},"modified":"2016-06-07T13:53:11","modified_gmt":"2016-06-07T16:53:11","slug":"vigilantes-vao-ao-senado-e-recebem-apoio-na-luta-pelo-piso-de-r-3-mil","status":"publish","type":"post","link":"https:\/\/sindesvdf.com.br\/news\/vigilantes-vao-ao-senado-e-recebem-apoio-na-luta-pelo-piso-de-r-3-mil\/","title":{"rendered":"Vigilantes v\u00e3o ao Senado e recebem apoio na luta pelo piso de R$ 3 mil"},"content":{"rendered":"<p style=\"text-align: center;\"><img loading=\"lazy\" decoding=\"async\" class=\"size-large wp-image-5997 aligncenter\" src=\"http:\/\/sindesvdf.com.br\/news\/wp-content\/uploads\/2016\/06\/audiencia-06-06-16a-790x296.jpg\" alt=\"audiencia 06-06-16a\" width=\"790\" height=\"296\" srcset=\"https:\/\/sindesvdf.com.br\/news\/wp-content\/uploads\/2016\/06\/audiencia-06-06-16a-790x296.jpg 790w, https:\/\/sindesvdf.com.br\/news\/wp-content\/uploads\/2016\/06\/audiencia-06-06-16a-300x113.jpg 300w, https:\/\/sindesvdf.com.br\/news\/wp-content\/uploads\/2016\/06\/audiencia-06-06-16a-768x288.jpg 768w, https:\/\/sindesvdf.com.br\/news\/wp-content\/uploads\/2016\/06\/audiencia-06-06-16a.jpg 1200w\" sizes=\"auto, (max-width: 790px) 100vw, 790px\" \/><\/p>\n<p>Vindos de todos os cantos do pa\u00eds, os vigilantes levaram a luta pelo Piso Nacional de R$3 mil ao Senado Federal nesta segunda-feira (6\/6). A proposta do Projeto de Lei foi entregue ao senador Paulo Paim, que deve protocolar ainda hoje na Casa. Paim recebeu os trabalhadores para uma audi\u00eancia p\u00fablica na Comiss\u00e3o de Direitos Humanos, onde reafirmaram a luta por sal\u00e1rio digno e reconhecimento.<\/p>\n<p>A audi\u00eancia p\u00fablica faz parte do processo de debate da mat\u00e9ria na Casa e \u00e9 uma das etapas antes de ser levada a\u00a0vota\u00e7\u00e3o no Plen\u00e1rio. Paim lembrou do processo para garantir o adicional de periculosidade e refor\u00e7ou a import\u00e2ncia da mobiliza\u00e7\u00e3o da categoria. <em>\u201cN\u00f3s conseguimos os 30% gra\u00e7as \u00e0 mobiliza\u00e7\u00e3o. Realizamos audi\u00eancias<\/em><br \/>\n<em>p\u00fablicas por todo o pa\u00eds, apresentamos a mat\u00e9ria na C\u00e2mara e no Senado Federal. Aqui (no Senado) andou antes e garantimos que cada vigilante do pa\u00eds recebesse o adicional de 30%. Esse \u00e9 o mesmo caminho para garantir o Piso Nacional de R$3 mil\u201d<\/em>, avaliou.<\/p>\n<h5><strong>Patr\u00f5es assustados<\/strong><\/h5>\n<p>O poder de mobiliza\u00e7\u00e3o dos vigilantes mais uma vez tem assustado os patr\u00f5es, que \u00a0bombardeiam mentiras sobre desemprego caso a mat\u00e9ria seja aprovada. <em>\u201cAgora eu pergunto: vigilantes, voc\u00eas valem s\u00f3 isso o que recebem?\u201d<\/em>, indagou o deputado distrital e diretor da Confedera\u00e7\u00e3o Nacional dos Vigilantes (CNTV), Chico Vigilante. <em>\u201cEnt\u00e3o n\u00e3o me venham com essa hist\u00f3ria de que vai ter desemprego. N\u00e3o vai ter desemprego, vai ter valoriza\u00e7\u00e3o, vai ter reconhecimento\u201d<\/em>, afirmou.<\/p>\n<p>Segundo secret\u00e1rio de Finan\u00e7as da CNTV e presidente do Sindicato dos Vigilantes do DF (Sindesv-DF), Jervalino Bispo, quando os dirigentes lutavam pela periculosidade, alguns diziam que estavam tentando enganar a categoria. <em>\u201cMostramos que somos dirigentes s\u00e9rios, batalhadores. Junto com a categoria conseguimos a periculosidade. A situa\u00e7\u00e3o se repete e a briga \u00e9 de todos. Os empres\u00e1rios est\u00e3o assustados e continuam repetindo mentiras. A categoria, quando acredita, perde a chance de avan\u00e7ar mais\u201d<\/em>, assegurou. <em>\u201cCada trabalhador deve pressionar o senador, o deputado do seu Estado. Assim vamos mostrar que trabalhador unido jamais ser\u00e1 vencido\u201d<\/em>, orientou.<\/p>\n<h5><strong>Profiss\u00e3o Ficha Limpa<\/strong><\/h5>\n<p>O fato de ser uma das poucas profiss\u00f5es inteiramente ficha limpa foi um dos pontos abordados pelo presidente da CNTV, Jos\u00e9 Boaventura. Hoje, mais de 2 milh\u00f5es e 300 mil vigilantes s\u00e3o cadastrados junto \u00e0 Pol\u00edcia Federal (PF) e t\u00eam sua reputa\u00e7\u00e3o sem manchas \u2013 algo imprescind\u00edvel para o exerc\u00edcio da profiss\u00e3o. S\u00e3o essas mesmas pessoas \u2013 comprovadamente honestas \u2013 que zelam n\u00e3o s\u00f3 pelo patrim\u00f4nio, mas pela vida de outros milh\u00f5es. \u201cAgora, pergunte para esses mesmos vigilantes se l\u00e1 no posto eles possuem todas as condi\u00e7\u00f5es de trabalho necess\u00e1rias, se o sal\u00e1rio que eles recebem \u00e9 suficiente para as contas do m\u00eas\u201d, desafiou Boaventura.<\/p>\n<p><em>\u201cJ\u00e1 garantimos muitas conquistas. Tivemos a reblindagem dos carros-fortes, a jornada 12\u00d736, a regulamenta\u00e7\u00e3o da profiss\u00e3o, o colete a prova de balas como EPI, o Dia Nacional do Vigilante, o adicional de periculosidade. Nada disso caiu do c\u00e9u. Tudo veio com muita luta, e \u00e9 com luta que vamos conquistar tamb\u00e9m o Piso Nacional de R$ 3 mil\u201d<\/em>, afirmou Boaventura.<\/p>\n<p>O presidente do Sindivigilantes do Sul, Lorenir Dias, completou: <em>\u201cNingu\u00e9m acreditava nos 30% e est\u00e1 a\u00ed. Anticalote tamb\u00e9m ningu\u00e9m acreditava e est\u00e1 andando, j\u00e1 \u00e9 realidade em alguns Estados. Qual o motivo de n\u00e3o acreditar no Piso Nacional?\u201d<\/em>.\u00a0<em>\u201cO Piso vai valorizar e dar respeito. Os empres\u00e1rios se fazem de desentendidos, dizem que n\u00e3o podem. O que n\u00e3o pode \u00e9 a categoria aceitar que os empres\u00e1rios nos tratem como mercadoria\u201d<\/em>, completou o secret\u00e1rio Geral da CNTV e presidente do Sindicato dos Vigilantes de Niter\u00f3i (SVNIT).<\/p>\n<h5><strong>Senadores apoiam o Piso<\/strong><\/h5>\n<p>A senadora F\u00e1tima Bezerra (PT\/RN) e o senador Jos\u00e9 Medeiros (PSD\/MT) manifestaram total apoio \u00e0 luta dos vigilantes e se comprometeram a defender a mat\u00e9ria no Senado Federal. \u201cPaim ser\u00e1 nosso timoneiro para liderar toda a agenda legislativa que venha a promover a cidadania de voc\u00eas (vigilantes) e para evitar retrocessos. \u00c9 muito importante lutar por mais direitos e contra o fortalecimento dessa agenda conservadora que est\u00e1 em curso no pa\u00eds\u201d, destacou Bezerra.<\/p>\n<p style=\"text-align: right;\"><span style=\"color: #ff0000;\"><strong><em>Fonte: CNTV<\/em><\/strong><\/span><\/p>\n<p class=\"wpf_wrapper\"><a class=\"print_link\" href=\"\" target=\"_blank\">Preparar para impress\u00e3o<\/a><\/p><!-- .wpf_wrapper -->","protected":false},"excerpt":{"rendered":"<p>Vindos de todos os cantos do pa\u00eds, os vigilantes levaram a luta pelo Piso Nacional de R$3 mil ao Senado&hellip; <\/p>\n","protected":false},"author":1,"featured_media":0,"comment_status":"closed","ping_status":"closed","sticky":false,"template":"","format":"standard","meta":{"footnotes":""},"categories":[7],"tags":[],"class_list":["post-5996","post","type-post","status-publish","format-standard","hentry","category-noticias"],"jetpack_featured_media_url":"","_links":{"self":[{"href":"https:\/\/sindesvdf.com.br\/news\/wp-json\/wp\/v2\/posts\/5996","targetHints":{"allow":["GET"]}}],"collection":[{"href":"https:\/\/sindesvdf.com.br\/news\/wp-json\/wp\/v2\/posts"}],"about":[{"href":"https:\/\/sindesvdf.com.br\/news\/wp-json\/wp\/v2\/types\/post"}],"author":[{"embeddable":true,"href":"https:\/\/sindesvdf.com.br\/news\/wp-json\/wp\/v2\/users\/1"}],"replies":[{"embeddable":true,"href":"https:\/\/sindesvdf.com.br\/news\/wp-json\/wp\/v2\/comments?post=5996"}],"version-history":[{"count":2,"href":"https:\/\/sindesvdf.com.br\/news\/wp-json\/wp\/v2\/posts\/5996\/revisions"}],"predecessor-version":[{"id":6000,"href":"https:\/\/sindesvdf.com.br\/news\/wp-json\/wp\/v2\/posts\/5996\/revisions\/6000"}],"wp:attachment":[{"href":"https:\/\/sindesvdf.com.br\/news\/wp-json\/wp\/v2\/media?parent=5996"}],"wp:term":[{"taxonomy":"category","embeddable":true,"href":"https:\/\/sindesvdf.com.br\/news\/wp-json\/wp\/v2\/categories?post=5996"},{"taxonomy":"post_tag","embeddable":true,"href":"https:\/\/sindesvdf.com.br\/news\/wp-json\/wp\/v2\/tags?post=5996"}],"curies":[{"name":"wp","href":"https:\/\/api.w.org\/{rel}","templated":true}]}}