{"id":6006,"date":"2016-06-10T14:22:45","date_gmt":"2016-06-10T17:22:45","guid":{"rendered":"http:\/\/sindesvdf.com.br\/news\/?p=6006"},"modified":"2016-06-10T14:49:22","modified_gmt":"2016-06-10T17:49:22","slug":"sindicato-denuncia-demissoes-de-vigilantes-pelo-gdf-aos-tribunais-de-justica-e-pede-providencias","status":"publish","type":"post","link":"https:\/\/sindesvdf.com.br\/news\/sindicato-denuncia-demissoes-de-vigilantes-pelo-gdf-aos-tribunais-de-justica-e-pede-providencias\/","title":{"rendered":"Sindicato denuncia demiss\u00f5es de vigilantes pelo GDF ao Minist\u00e9rio P\u00fablico do DF e pede provid\u00eancias"},"content":{"rendered":"<div>Al\u00e9m de ato p\u00fablico que ser\u00e1 realizado nesta segunda-feira, 13\/06, o Sindicato dos Vigilantes encaminhou den\u00fancia junto ao Minist\u00e9rio P\u00fablico\/Promotoria de Justi\u00e7a de Defesa do Patrim\u00f4nio P\u00fablico e Social \u2013 Prodep, ao Tribunal de Contas do DF, Procuradoria Geral de Justi\u00e7a (Divis\u00e3o de Seguran\u00e7a Org\u00e2nica), entre outros.<u><\/u><u><\/u><\/div>\n<div>No of\u00edcio, o Sindicato solicita que os \u00f3rg\u00e3os intermedeiem uma solu\u00e7\u00e3o para reverter as demiss\u00f5es, pois considera que as mesmas s\u00e3o injustas e trar\u00e1 graves consequ\u00eancias para o patrim\u00f4nio p\u00fablico do Distrito Federal. Al\u00e9m disso, o Sindicato argumenta que, ao inv\u00e9s de economizar, as demiss\u00f5es trar\u00e3o gastos maiores para o GDF.<\/div>\n<div><\/div>\n<div><b>Veja a \u00edntegra do of\u00edcio a seguir:<\/b><\/div>\n<div>\n<div>Bras\u00edlia, DF, 09 de Junho de 2016.<u><\/u><u><\/u><\/div>\n<div><u><\/u>\u00a0<u><\/u><\/div>\n<div>\u00c0 Promotoria de Justi\u00e7a de Defesa do Patrim\u00f4nio P\u00fablico e Social \u2013 Prodep<u><\/u><u><\/u><\/div>\n<div>Ed. Sede do MPDFT \u2013 Sala 314<u><\/u><u><\/u><\/div>\n<div><u><\/u>\u00a0<u><\/u><\/div>\n<div>Excelent\u00edssimo Senhor Promotor de Justi\u00e7a de Defesa do Patrim\u00f4nio P\u00fablico e Social<u><\/u><u><\/u><\/div>\n<div><u><\/u>\u00a0<u><\/u><\/div>\n<div>O Sindicato dos Vigilantes no Distrito Federal vem , atrav\u00e9s do presente, expor a V. Ex\u00aa situa\u00e7\u00e3o grave que est\u00e1 em curso no Governo do Distrito Federal e solicitar o que segue.<u><\/u><u><\/u><\/div>\n<div>Ao contr\u00e1rio do que previa uma licita\u00e7\u00e3o geral de contrato de seguran\u00e7a privada com 7.200 vigilantes, que hoje encontra-se suspensa, mas apontava para, depois de aproveitados todos os vigilantes que j\u00e1 est\u00e3o trabalhando no setor, um excedente de 200 a 500 vagas, o governo do Distrito Federal resolve demitir 600 vigilantes, sendo 400 da empresa Brasfort e 200 da empresa MultServ. Esses vigilantes est\u00e3o trabalhando ainda, mas j\u00e1 est\u00e3o de aviso-pr\u00e9vio.<u><\/u><u><\/u><\/div>\n<div>Tais demiss\u00f5es, contrariando o que previa na licita\u00e7\u00e3o, trar\u00e1 grandes transtornos ao Distrito Federal, n\u00e3o s\u00f3 pelo caos social provocado aos pais e m\u00e3es de fam\u00edlia ora demitidos, mas tamb\u00e9m ao patrim\u00f4nio do Distrito Federal que ficar\u00e1 ou no completo abandono e pass\u00edvel de roubos e depreda\u00e7\u00f5es, ou o GDF ter\u00e1 que deslocar para esses postos de servi\u00e7o anteriormente ocupados por vigilantes, Policiais Militares. Desta forma, ao contr\u00e1rio de economizar, haver\u00e1 maior disp\u00eandio dos cofres p\u00fablicos do GDF.<u><\/u><u><\/u><\/div>\n<div>Outro fator a se considerar \u00e9 que para deslocar Policiais Militares para garantir a seguran\u00e7a do patrim\u00f4nio P\u00fablico, o governo deixar\u00e1 de atender significativa parcela da popula\u00e7\u00e3o que hoje vive em situa\u00e7\u00e3o prec\u00e1ria de seguran\u00e7a e com suas garantias individuais violadas frequentemente, dadas a escalada da viol\u00eancia.<u><\/u><u><\/u><\/div>\n<div>Diante dos fatos acima expostos e cientes de que essa Promotoria de Justi\u00e7a imbu\u00edda de nobres prop\u00f3sitos na defesa dos interesses da popula\u00e7\u00e3o do Distrito Federal, intermediar\u00e1 junto ao GDF uma solu\u00e7\u00e3o que contemple a manuten\u00e7\u00e3o do emprego e a defesa intransigente da integralidade do patrim\u00f4nio p\u00fablico do Distrito Federal,<u><\/u><u><\/u><\/div>\n<div><u><\/u>\u00a0<u><\/u><\/div>\n<div>Certo do acolhimento quanto ao solicitado, aproveito a oportunidade para apresentar a V. Ex\u00aa nossas sauda\u00e7\u00f5es respeitosas.<u><\/u><u><\/u><\/div>\n<div><u><\/u>\u00a0<u><\/u><\/div>\n<div style=\"text-align: center;\">Atenciosamente,<u><\/u><u><\/u><\/div>\n<div style=\"text-align: center;\"><u><\/u>\u00a0<u><\/u><\/div>\n<div style=\"text-align: center;\">Jervalino Rodrigues Bispo<u><\/u><u><\/u><\/div>\n<div style=\"text-align: center;\"><\/div>\n<div dir=\"ltr\" style=\"text-align: center;\">Presidente<\/div>\n<\/div>\n<p class=\"wpf_wrapper\"><a class=\"print_link\" href=\"\" target=\"_blank\">Preparar para impress\u00e3o<\/a><\/p><!-- .wpf_wrapper -->","protected":false},"excerpt":{"rendered":"<p>Al\u00e9m de ato p\u00fablico que ser\u00e1 realizado nesta segunda-feira, 13\/06, o Sindicato dos Vigilantes encaminhou den\u00fancia junto ao Minist\u00e9rio P\u00fablico\/Promotoria&hellip; <\/p>\n","protected":false},"author":1,"featured_media":0,"comment_status":"closed","ping_status":"closed","sticky":false,"template":"","format":"standard","meta":{"footnotes":""},"categories":[7,101],"tags":[],"class_list":["post-6006","post","type-post","status-publish","format-standard","hentry","category-noticias","category-olho-vivo"],"jetpack_featured_media_url":"","_links":{"self":[{"href":"https:\/\/sindesvdf.com.br\/news\/wp-json\/wp\/v2\/posts\/6006","targetHints":{"allow":["GET"]}}],"collection":[{"href":"https:\/\/sindesvdf.com.br\/news\/wp-json\/wp\/v2\/posts"}],"about":[{"href":"https:\/\/sindesvdf.com.br\/news\/wp-json\/wp\/v2\/types\/post"}],"author":[{"embeddable":true,"href":"https:\/\/sindesvdf.com.br\/news\/wp-json\/wp\/v2\/users\/1"}],"replies":[{"embeddable":true,"href":"https:\/\/sindesvdf.com.br\/news\/wp-json\/wp\/v2\/comments?post=6006"}],"version-history":[{"count":3,"href":"https:\/\/sindesvdf.com.br\/news\/wp-json\/wp\/v2\/posts\/6006\/revisions"}],"predecessor-version":[{"id":6009,"href":"https:\/\/sindesvdf.com.br\/news\/wp-json\/wp\/v2\/posts\/6006\/revisions\/6009"}],"wp:attachment":[{"href":"https:\/\/sindesvdf.com.br\/news\/wp-json\/wp\/v2\/media?parent=6006"}],"wp:term":[{"taxonomy":"category","embeddable":true,"href":"https:\/\/sindesvdf.com.br\/news\/wp-json\/wp\/v2\/categories?post=6006"},{"taxonomy":"post_tag","embeddable":true,"href":"https:\/\/sindesvdf.com.br\/news\/wp-json\/wp\/v2\/tags?post=6006"}],"curies":[{"name":"wp","href":"https:\/\/api.w.org\/{rel}","templated":true}]}}