{"id":6011,"date":"2016-06-13T14:04:08","date_gmt":"2016-06-13T17:04:08","guid":{"rendered":"http:\/\/sindesvdf.com.br\/news\/?p=6011"},"modified":"2016-06-13T15:24:33","modified_gmt":"2016-06-13T18:24:33","slug":"secretario-da-casa-civil-do-df-promete-intervir-para-suspender-demissoes","status":"publish","type":"post","link":"https:\/\/sindesvdf.com.br\/news\/secretario-da-casa-civil-do-df-promete-intervir-para-suspender-demissoes\/","title":{"rendered":"Secret\u00e1rio da Casa Civil do  DF promete intervir para  suspender demiss\u00f5es"},"content":{"rendered":"<p><img loading=\"lazy\" decoding=\"async\" class=\"size-large wp-image-6012 aligncenter\" src=\"http:\/\/sindesvdf.com.br\/news\/wp-content\/uploads\/2016\/06\/FPP_3141-790x527.jpg\" alt=\"FPP_3141\" width=\"790\" height=\"527\" srcset=\"https:\/\/sindesvdf.com.br\/news\/wp-content\/uploads\/2016\/06\/FPP_3141-790x527.jpg 790w, https:\/\/sindesvdf.com.br\/news\/wp-content\/uploads\/2016\/06\/FPP_3141-300x200.jpg 300w, https:\/\/sindesvdf.com.br\/news\/wp-content\/uploads\/2016\/06\/FPP_3141-768x512.jpg 768w, https:\/\/sindesvdf.com.br\/news\/wp-content\/uploads\/2016\/06\/FPP_3141-272x182.jpg 272w, https:\/\/sindesvdf.com.br\/news\/wp-content\/uploads\/2016\/06\/FPP_3141.jpg 1024w\" sizes=\"auto, (max-width: 790px) 100vw, 790px\" \/><\/p>\n<p>Ap\u00f3s um ato pol\u00edtico realizado na manh\u00e3 desta\u00a0segunda-feira (13\/06) em frente ao Pal\u00e1cio do Buriti,\u00a0em Bras\u00edlia (DF), para exigir o fim das demiss\u00f5es\u00a0na Brasfort e Multserv Vigil\u00e2ncia, diretores do\u00a0Sindicato dos Vigilantes do DF (Sindesv-DF), da\u00a0Confedera\u00e7\u00e3o Nacional dos Vigilantes (CNTV)\u00a0e da Central \u00danica dos Trabalhadores (CUT\u00a0Bras\u00edlia)) se reuniram com o secret\u00e1rio da Casa\u00a0Civil do DF, S\u00e9rgio Sampaio. Na reuni\u00e3o, Sampaio\u00a0se comprometeu a conversar com a secret\u00e1ria de\u00a0Planejamento, Leany Barreiro de Sousa Lemos,\u00a0para reverter as dispensas.<\/p>\n<p><img loading=\"lazy\" decoding=\"async\" class=\" wp-image-6017 alignleft\" src=\"http:\/\/sindesvdf.com.br\/news\/wp-content\/uploads\/2016\/06\/FPP_3260-790x527.jpg\" alt=\"FPP_3260\" width=\"414\" height=\"276\" srcset=\"https:\/\/sindesvdf.com.br\/news\/wp-content\/uploads\/2016\/06\/FPP_3260-790x527.jpg 790w, https:\/\/sindesvdf.com.br\/news\/wp-content\/uploads\/2016\/06\/FPP_3260-300x200.jpg 300w, https:\/\/sindesvdf.com.br\/news\/wp-content\/uploads\/2016\/06\/FPP_3260-768x512.jpg 768w, https:\/\/sindesvdf.com.br\/news\/wp-content\/uploads\/2016\/06\/FPP_3260-272x182.jpg 272w, https:\/\/sindesvdf.com.br\/news\/wp-content\/uploads\/2016\/06\/FPP_3260.jpg 1024w\" sizes=\"auto, (max-width: 414px) 100vw, 414px\" \/>Mais de 600 vigilantes que prestam servi\u00e7o\u00a0para o GDF correm o risco de serem demitidos.\u00a0Os trabalhadores atualmente cumprem aviso\u00a0pr\u00e9vio porque o GDF solicitou que as empresas\u00a0Brasfort e Multserv demitissem em um total\u00a0equivalente ao percentual do reajuste concedido\u00a0\u00e0 categoria em acordo coletivo, que foi de 11,5%.\u00a0A CNTV classifica o ato como persegui\u00e7\u00e3o, uma\u00a0vez que a for\u00e7a da categoria foi suficiente para\u00a0alcan\u00e7ar o maior reajuste do pa\u00eds.<\/p>\n<p><img loading=\"lazy\" decoding=\"async\" class=\"alignright wp-image-6015\" src=\"http:\/\/sindesvdf.com.br\/news\/wp-content\/uploads\/2016\/06\/FPP_3231-300x200.jpg\" alt=\"FPP_3231\" width=\"400\" height=\"267\" srcset=\"https:\/\/sindesvdf.com.br\/news\/wp-content\/uploads\/2016\/06\/FPP_3231-300x200.jpg 300w, https:\/\/sindesvdf.com.br\/news\/wp-content\/uploads\/2016\/06\/FPP_3231-768x512.jpg 768w, https:\/\/sindesvdf.com.br\/news\/wp-content\/uploads\/2016\/06\/FPP_3231-790x527.jpg 790w, https:\/\/sindesvdf.com.br\/news\/wp-content\/uploads\/2016\/06\/FPP_3231-272x182.jpg 272w, https:\/\/sindesvdf.com.br\/news\/wp-content\/uploads\/2016\/06\/FPP_3231.jpg 1024w\" sizes=\"auto, (max-width: 400px) 100vw, 400px\" \/>Para o diretor da CNTV e deputado distrital,\u00a0Chico Vigilante, a medida vai na contram\u00e3o da\u00a0licita\u00e7\u00e3o geral que o GDF est\u00e1 fazendo para a\u00a0contrata\u00e7\u00e3o de novas empresas de vigil\u00e2ncia\u00a0privada, que prev\u00ea a contrata\u00e7\u00e3o de 7.410\u00a0vigilantes.\u00a0<em>\u201cS\u00e3o pais e m\u00e3es de fam\u00edlia que perder\u00e3o\u00a0o emprego. Diante dessa crise, o GDF tem que\u00a0encontrar meios para gerar emprego e n\u00e3o de\u00a0demitir trabalhadores, como est\u00e1 fazendo\u201d<\/em>,\u00a0protestou Vigilante.<\/p>\n<p>O presidente do Sindicato dos Vigilantes,\u00a0Jervalino Bispo, considera as demiss\u00f5es\u00a0como \u201cinjustas\u201d e afirma que trar\u00e3o graves\u00a0consequ\u00eancias para o patrim\u00f4nio p\u00fablico, uma\u00a0vez que as \u00e1reas que eles prestam servi\u00e7o\u00a0ficar\u00e3o desguarnecidas de vigil\u00e2ncia. <em>\u201cEssas\u00a0\u00e1reas ficar\u00e3o abandonadas e pass\u00edveis de\u00a0roubos e depreda\u00e7\u00f5es. Ao inv\u00e9s de economizar,\u00a0as demiss\u00f5es trar\u00e3o gastos maiores para o GDF\u201d,\u00a0<\/em>argumentou.<\/p>\n<p style=\"text-align: right;\"><span style=\"color: #ff0000;\"><em>Fonte: CNTV com informa\u00e7\u00f5es da Ascom Chico\u00a0Vigilante<img loading=\"lazy\" decoding=\"async\" class=\"size-large wp-image-6016 aligncenter\" src=\"http:\/\/sindesvdf.com.br\/news\/wp-content\/uploads\/2016\/06\/FPP_3256-790x527.jpg\" alt=\"FPP_3256\" width=\"790\" height=\"527\" srcset=\"https:\/\/sindesvdf.com.br\/news\/wp-content\/uploads\/2016\/06\/FPP_3256-790x527.jpg 790w, https:\/\/sindesvdf.com.br\/news\/wp-content\/uploads\/2016\/06\/FPP_3256-300x200.jpg 300w, https:\/\/sindesvdf.com.br\/news\/wp-content\/uploads\/2016\/06\/FPP_3256-768x512.jpg 768w, https:\/\/sindesvdf.com.br\/news\/wp-content\/uploads\/2016\/06\/FPP_3256-272x182.jpg 272w, https:\/\/sindesvdf.com.br\/news\/wp-content\/uploads\/2016\/06\/FPP_3256.jpg 1024w\" sizes=\"auto, (max-width: 790px) 100vw, 790px\" \/><\/em><\/span><\/p>\n<p class=\"wpf_wrapper\"><a class=\"print_link\" href=\"\" target=\"_blank\">Preparar para impress\u00e3o<\/a><\/p><!-- .wpf_wrapper -->","protected":false},"excerpt":{"rendered":"<p>Ap\u00f3s um ato pol\u00edtico realizado na manh\u00e3 desta\u00a0segunda-feira (13\/06) em frente ao Pal\u00e1cio do Buriti,\u00a0em Bras\u00edlia (DF), para exigir o&hellip; <\/p>\n","protected":false},"author":1,"featured_media":0,"comment_status":"closed","ping_status":"closed","sticky":false,"template":"","format":"standard","meta":{"footnotes":""},"categories":[7],"tags":[],"class_list":["post-6011","post","type-post","status-publish","format-standard","hentry","category-noticias"],"jetpack_featured_media_url":"","_links":{"self":[{"href":"https:\/\/sindesvdf.com.br\/news\/wp-json\/wp\/v2\/posts\/6011","targetHints":{"allow":["GET"]}}],"collection":[{"href":"https:\/\/sindesvdf.com.br\/news\/wp-json\/wp\/v2\/posts"}],"about":[{"href":"https:\/\/sindesvdf.com.br\/news\/wp-json\/wp\/v2\/types\/post"}],"author":[{"embeddable":true,"href":"https:\/\/sindesvdf.com.br\/news\/wp-json\/wp\/v2\/users\/1"}],"replies":[{"embeddable":true,"href":"https:\/\/sindesvdf.com.br\/news\/wp-json\/wp\/v2\/comments?post=6011"}],"version-history":[{"count":4,"href":"https:\/\/sindesvdf.com.br\/news\/wp-json\/wp\/v2\/posts\/6011\/revisions"}],"predecessor-version":[{"id":6020,"href":"https:\/\/sindesvdf.com.br\/news\/wp-json\/wp\/v2\/posts\/6011\/revisions\/6020"}],"wp:attachment":[{"href":"https:\/\/sindesvdf.com.br\/news\/wp-json\/wp\/v2\/media?parent=6011"}],"wp:term":[{"taxonomy":"category","embeddable":true,"href":"https:\/\/sindesvdf.com.br\/news\/wp-json\/wp\/v2\/categories?post=6011"},{"taxonomy":"post_tag","embeddable":true,"href":"https:\/\/sindesvdf.com.br\/news\/wp-json\/wp\/v2\/tags?post=6011"}],"curies":[{"name":"wp","href":"https:\/\/api.w.org\/{rel}","templated":true}]}}