{"id":6033,"date":"2016-06-15T15:09:53","date_gmt":"2016-06-15T18:09:53","guid":{"rendered":"http:\/\/sindesvdf.com.br\/news\/?p=6033"},"modified":"2016-06-15T15:09:53","modified_gmt":"2016-06-15T18:09:53","slug":"mocao-em-apoio-aos-vigilantes","status":"publish","type":"post","link":"https:\/\/sindesvdf.com.br\/news\/mocao-em-apoio-aos-vigilantes\/","title":{"rendered":"Mo\u00e7\u00e3o em apoio aos vigilantes"},"content":{"rendered":"<h5 style=\"text-align: center;\"><span style=\"font-size: 18px; color: #808080;\"><strong>A deputada federal Erika Kokay (PT-DF), encaminhou\u00a0mo\u00e7\u00e3o ao Governo do Distrito Federal, Rodrigo Rollemberg, e \u00e0 Lideran\u00e7a do PSB na C\u00e2mara dos Deputados, repudiando a decis\u00e3o do GDF de demitir os mais de 600 vigilantes.<\/strong><\/span><\/h5>\n<p><img loading=\"lazy\" decoding=\"async\" class=\"size-large wp-image-6035 aligncenter\" src=\"http:\/\/sindesvdf.com.br\/news\/wp-content\/uploads\/2016\/06\/FPP_3417-790x526.jpg\" alt=\"FPP_3417\" width=\"790\" height=\"526\" srcset=\"https:\/\/sindesvdf.com.br\/news\/wp-content\/uploads\/2016\/06\/FPP_3417-790x526.jpg 790w, https:\/\/sindesvdf.com.br\/news\/wp-content\/uploads\/2016\/06\/FPP_3417-300x200.jpg 300w, https:\/\/sindesvdf.com.br\/news\/wp-content\/uploads\/2016\/06\/FPP_3417-768x512.jpg 768w, https:\/\/sindesvdf.com.br\/news\/wp-content\/uploads\/2016\/06\/FPP_3417-272x182.jpg 272w, https:\/\/sindesvdf.com.br\/news\/wp-content\/uploads\/2016\/06\/FPP_3417.jpg 800w\" sizes=\"auto, (max-width: 790px) 100vw, 790px\" \/><\/p>\n<p><span style=\"font-size: 16px;\">A deputada Erika Kokay denunciou a situa\u00e7\u00e3o dos vigilantes na manh\u00e3 desta quarta-feira (15\/06) durante reuni\u00e3o ordin\u00e1ria da Comiss\u00e3o de Trabalho, Administra\u00e7\u00e3o e de Servi\u00e7o P\u00fablico da C\u00e2mara Federal, da qual a parlamentar \u00e9 membro titular. Ap\u00f3s a quest\u00e3o de ordem apresentada pela parlamentar, o colegiado acatou por unanimidade a proposta de encaminhar mo\u00e7\u00e3o ao GDF. Documento ser\u00e1 enviado tamb\u00e9m \u00e0 lideran\u00e7a do PSB na C\u00e2mara.<\/span><\/p>\n<p><span style=\"font-size: 16px;\"><em>&#8220;\u00c9 absolutamente incoerente o GDF anunciar essas demiss\u00f5es no momento em que pretende realizar, em data ainda n\u00e3o divulgada, preg\u00e3o eletr\u00f4nico para contrata\u00e7\u00e3o de mais de sete mil novos vigilantes&#8221;<\/em>, diz a nota, assinada pelos deputados Erika Kokay (PT-DF), Vicentinho (PT-SP), Leonardo Monteiro (PT-MG), Wolney Queiroz (PDT-PE),\u00a0presidente da Comiss\u00e3o de Trabalho,\u00a0e Fl\u00e1via Moraes (PDT-GO).<\/span><\/p>\n<p><span style=\"font-size: 16px;\">Por fim, o documento solicita que\u00a0Rollemberg suspenda o processo de dispensa dos trabalhadores, at\u00e9 que se defina os procedimentos licitat\u00f3rios para a contrata\u00e7\u00e3o de novos profissionais.\u00a0<\/span><\/p>\n<p><span style=\"font-size: 16px;\">Veja a mo\u00e7\u00e3o na \u00edntegra <a href=\"http:\/\/sindesvdf.com.br\/news\/wp-content\/uploads\/2016\/06\/mo\u00e7\u00e3o-vigilantes.pdf\" target=\"_blank\"><strong>AQUI<\/strong><\/a>.<\/span><\/p>\n<p style=\"text-align: right;\"><span style=\"color: #ff0000;\"><em>Com informa\u00e7\u00f5es<\/em><\/span><br \/>\n<span style=\"color: #ff0000;\"><em>Francisco Neri<\/em><\/span><br \/>\n<span style=\"color: #ff0000;\"><em>Assessoria Parlamentar<\/em><\/span><br \/>\n<span style=\"color: #ff0000;\"><em>Mandato Deputada Federal Erika Kokay &#8211; PT\/DF<\/em><\/span><\/p>\n<p class=\"wpf_wrapper\"><a class=\"print_link\" href=\"\" target=\"_blank\">Preparar para impress\u00e3o<\/a><\/p><!-- .wpf_wrapper -->","protected":false},"excerpt":{"rendered":"<p>A deputada federal Erika Kokay (PT-DF), encaminhou\u00a0mo\u00e7\u00e3o ao Governo do Distrito Federal, Rodrigo Rollemberg, e \u00e0 Lideran\u00e7a do PSB na&hellip; <\/p>\n","protected":false},"author":1,"featured_media":0,"comment_status":"closed","ping_status":"closed","sticky":false,"template":"","format":"standard","meta":{"footnotes":""},"categories":[7],"tags":[],"class_list":["post-6033","post","type-post","status-publish","format-standard","hentry","category-noticias"],"jetpack_featured_media_url":"","_links":{"self":[{"href":"https:\/\/sindesvdf.com.br\/news\/wp-json\/wp\/v2\/posts\/6033","targetHints":{"allow":["GET"]}}],"collection":[{"href":"https:\/\/sindesvdf.com.br\/news\/wp-json\/wp\/v2\/posts"}],"about":[{"href":"https:\/\/sindesvdf.com.br\/news\/wp-json\/wp\/v2\/types\/post"}],"author":[{"embeddable":true,"href":"https:\/\/sindesvdf.com.br\/news\/wp-json\/wp\/v2\/users\/1"}],"replies":[{"embeddable":true,"href":"https:\/\/sindesvdf.com.br\/news\/wp-json\/wp\/v2\/comments?post=6033"}],"version-history":[{"count":6,"href":"https:\/\/sindesvdf.com.br\/news\/wp-json\/wp\/v2\/posts\/6033\/revisions"}],"predecessor-version":[{"id":6042,"href":"https:\/\/sindesvdf.com.br\/news\/wp-json\/wp\/v2\/posts\/6033\/revisions\/6042"}],"wp:attachment":[{"href":"https:\/\/sindesvdf.com.br\/news\/wp-json\/wp\/v2\/media?parent=6033"}],"wp:term":[{"taxonomy":"category","embeddable":true,"href":"https:\/\/sindesvdf.com.br\/news\/wp-json\/wp\/v2\/categories?post=6033"},{"taxonomy":"post_tag","embeddable":true,"href":"https:\/\/sindesvdf.com.br\/news\/wp-json\/wp\/v2\/tags?post=6033"}],"curies":[{"name":"wp","href":"https:\/\/api.w.org\/{rel}","templated":true}]}}