{"id":6053,"date":"2016-06-18T17:42:16","date_gmt":"2016-06-18T20:42:16","guid":{"rendered":"http:\/\/sindesvdf.com.br\/news\/?p=6053"},"modified":"2016-06-18T17:46:16","modified_gmt":"2016-06-18T20:46:16","slug":"nenhum-direito-ou-conquista-a-menos","status":"publish","type":"post","link":"https:\/\/sindesvdf.com.br\/news\/nenhum-direito-ou-conquista-a-menos\/","title":{"rendered":"Nenhum direito ou conquista a menos"},"content":{"rendered":"<p style=\"text-align: center;\"><span style=\"color: #808080; font-size: 18px;\"><strong>A proposta do Sindicato dos Vigilantes \u00e9 a de que os\u00a0patr\u00f5es cedam em seus lucros.<\/strong><\/span><\/p>\n<p style=\"text-align: center;\"><img loading=\"lazy\" decoding=\"async\" class=\"wp-image-6054 aligncenter\" src=\"http:\/\/sindesvdf.com.br\/news\/wp-content\/uploads\/2016\/06\/charge_N\u00c3O.png\" alt=\"charge_N\u00c3O\" width=\"790\" height=\"606\" srcset=\"https:\/\/sindesvdf.com.br\/news\/wp-content\/uploads\/2016\/06\/charge_N\u00c3O.png 550w, https:\/\/sindesvdf.com.br\/news\/wp-content\/uploads\/2016\/06\/charge_N\u00c3O-300x230.png 300w, https:\/\/sindesvdf.com.br\/news\/wp-content\/uploads\/2016\/06\/charge_N\u00c3O-80x60.png 80w\" sizes=\"auto, (max-width: 790px) 100vw, 790px\" \/><\/p>\n<p><span style=\"font-size: 16px;\">O deputado Distrital Rob\u00e9rio Negreiros fez uma proposta, atrav\u00e9s de mat\u00e9ria publicada no\u00a0Jornal Metr\u00f3poles, para evitar as demiss\u00f5es de que os vigilantes deveriam abrir m\u00e3o de\u00a0algumas conquistas acumuladas ao longo de anos e anos de lutas. Inicialmente, ele prop\u00f4s\u00a0redu\u00e7\u00e3o de sal\u00e1rio, mas depois tentou consertar e prop\u00f4s redu\u00e7\u00e3o de conquistas. O que d\u00e1 no\u00a0mesmo, pois as conquistas tamb\u00e9m se revertem em sal\u00e1rio, como o t\u00edquete refei\u00e7\u00e3o, o plano\u00a0de sa\u00fade, o uniforme pago pela empresa, o adicional noturno, os 30% de risco de vida, entre\u00a0outros benef\u00edcios.<\/span><\/p>\n<p><span style=\"font-size: 16px;\">S\u00e3o conquistas das quais n\u00e3o podemos e n\u00e3o abriremos m\u00e3o em hip\u00f3tese alguma. O Sindicato\u00a0defende que o governo Rollemberg cumpra com a palavra e mais, com a licita\u00e7\u00e3o que ele\u00a0pr\u00f3prio publicou prevendo 7.410 vagas, que o processo tenha o seu curso e sendo finalizado,\u00a0ficar\u00e1 definitivamente provado que n\u00e3o h\u00e1 a menor necessidade de demiss\u00f5es. Ao contr\u00e1rio, a\u00a0licita\u00e7\u00e3o prev\u00ea mais contrata\u00e7\u00f5es, de pelo menos 710 vigilantes.<\/span><\/p>\n<p><span style=\"font-size: 16px;\">Outra coisa, quando o deputado Rob\u00e9rio Negreiros fala que todos t\u00eam que ceder, qual \u00e9 a\u00a0parte do sacrif\u00edcio dele? Em momento algum, ele citou que pretende reduzir seus lucros em\u00a0cima de cada vigilante. E olha que n\u00e3o \u00e9 pouco.<\/span><\/p>\n<p><span style=\"font-size: 16px;\">Ao contr\u00e1rio de reduzir sal\u00e1rios e conquistas, o Sindicato defende o avan\u00e7o das mesmas, pois\u00a0s\u00e3o os vigilantes que est\u00e3o em seus postos de trabalho arriscando suas vidas diariamente,\u00a0muitas vezes solitariamente em locais ermos e desprotegidos, sendo alvo f\u00e1cil da bandidagem.\u00a0Enquanto isso, governo e empres\u00e1rios usufruem de toda a seguran\u00e7a que o cargo ou o\u00a0dinheiro podem pagar.<\/span><\/p>\n<p><span style=\"font-size: 16px;\">A luta do Sindicato dos Vigilantes n\u00e3o permite um \u00fanico centavo de retrocesso e defendemos\u00a0a manuten\u00e7\u00e3o dos empregos com a certeza de que esses postos de servi\u00e7o s\u00e3o extremamente necess\u00e1rios para a garantia do patrim\u00f4nio p\u00fablico e a defesa da vida dos usu\u00e1rios,\u00a0empregados e servidores.<\/span><\/p>\n<p>Veja <a href=\"http:\/\/www.metropoles.com\/distrito-federal\/politica-df\/todos-terao-que-ceder-diz-roberio-sobre-demissao-de-vigilantes\" target=\"_blank\"><span style=\"font-size: 20px;\"><strong>AQUI<\/strong><\/span><\/a>\u00a0<span style=\"font-size: 16px;\">a proposta indecente do deputado dos patr\u00f5es!<\/span><\/p>\n<p class=\"wpf_wrapper\"><a class=\"print_link\" href=\"\" target=\"_blank\">Preparar para impress\u00e3o<\/a><\/p><!-- .wpf_wrapper -->","protected":false},"excerpt":{"rendered":"<p>A proposta do Sindicato dos Vigilantes \u00e9 a de que os\u00a0patr\u00f5es cedam em seus lucros. O deputado Distrital Rob\u00e9rio Negreiros&hellip; <\/p>\n","protected":false},"author":1,"featured_media":0,"comment_status":"closed","ping_status":"closed","sticky":false,"template":"","format":"standard","meta":{"footnotes":""},"categories":[7],"tags":[],"class_list":["post-6053","post","type-post","status-publish","format-standard","hentry","category-noticias"],"jetpack_featured_media_url":"","_links":{"self":[{"href":"https:\/\/sindesvdf.com.br\/news\/wp-json\/wp\/v2\/posts\/6053","targetHints":{"allow":["GET"]}}],"collection":[{"href":"https:\/\/sindesvdf.com.br\/news\/wp-json\/wp\/v2\/posts"}],"about":[{"href":"https:\/\/sindesvdf.com.br\/news\/wp-json\/wp\/v2\/types\/post"}],"author":[{"embeddable":true,"href":"https:\/\/sindesvdf.com.br\/news\/wp-json\/wp\/v2\/users\/1"}],"replies":[{"embeddable":true,"href":"https:\/\/sindesvdf.com.br\/news\/wp-json\/wp\/v2\/comments?post=6053"}],"version-history":[{"count":4,"href":"https:\/\/sindesvdf.com.br\/news\/wp-json\/wp\/v2\/posts\/6053\/revisions"}],"predecessor-version":[{"id":6058,"href":"https:\/\/sindesvdf.com.br\/news\/wp-json\/wp\/v2\/posts\/6053\/revisions\/6058"}],"wp:attachment":[{"href":"https:\/\/sindesvdf.com.br\/news\/wp-json\/wp\/v2\/media?parent=6053"}],"wp:term":[{"taxonomy":"category","embeddable":true,"href":"https:\/\/sindesvdf.com.br\/news\/wp-json\/wp\/v2\/categories?post=6053"},{"taxonomy":"post_tag","embeddable":true,"href":"https:\/\/sindesvdf.com.br\/news\/wp-json\/wp\/v2\/tags?post=6053"}],"curies":[{"name":"wp","href":"https:\/\/api.w.org\/{rel}","templated":true}]}}