{"id":6060,"date":"2016-06-20T17:35:09","date_gmt":"2016-06-20T20:35:09","guid":{"rendered":"http:\/\/sindesvdf.com.br\/news\/?p=6060"},"modified":"2016-06-21T09:01:49","modified_gmt":"2016-06-21T12:01:49","slug":"atencao-vigilantes-continua-a-pressao-contra-as-600-demissoes","status":"publish","type":"post","link":"https:\/\/sindesvdf.com.br\/news\/atencao-vigilantes-continua-a-pressao-contra-as-600-demissoes\/","title":{"rendered":"Aten\u00e7\u00e3o Vigilantes &#8211; Continua a press\u00e3o contra as 600 demiss\u00f5es"},"content":{"rendered":"<p style=\"text-align: center;\"><span style=\"font-size: 24px; color: #808080;\"><em><strong>TODOS OS QUE EST\u00c3O DE AVISO COMPARE\u00c7AM; SAIAM DE SEUS POSTOS;\u00a0SAIAM DA SUA ZONA DE CONFORTO; TRAGAM SUA FAM\u00cdLIA E AMIGOS;\u00a0VENHAM LUTAR POR SEUS EMPREGOS.<\/strong><\/em><\/span><\/p>\n<p><img loading=\"lazy\" decoding=\"async\" class=\"wp-image-6061 size-large aligncenter\" src=\"http:\/\/sindesvdf.com.br\/news\/wp-content\/uploads\/2016\/06\/f\u00e9rias-ipanema-790x521.jpg\" alt=\"f\u00e9rias ipanema\" width=\"790\" height=\"521\" srcset=\"https:\/\/sindesvdf.com.br\/news\/wp-content\/uploads\/2016\/06\/f\u00e9rias-ipanema-790x521.jpg 790w, https:\/\/sindesvdf.com.br\/news\/wp-content\/uploads\/2016\/06\/f\u00e9rias-ipanema-300x198.jpg 300w, https:\/\/sindesvdf.com.br\/news\/wp-content\/uploads\/2016\/06\/f\u00e9rias-ipanema-768x506.jpg 768w, https:\/\/sindesvdf.com.br\/news\/wp-content\/uploads\/2016\/06\/f\u00e9rias-ipanema.jpg 1120w\" sizes=\"auto, (max-width: 790px) 100vw, 790px\" \/><\/p>\n<p><span style=\"font-size: 20px;\">Solidariedade e luta contra as demiss\u00f5es do GDF. Contamos com voc\u00ea.<\/span><\/p>\n<p><span style=\"font-size: 20px;\">Vamos manter a press\u00e3o contra as 600 demiss\u00f5es de vigilantes praticadas pelo GDF. O acampamento em frente ao Pal\u00e1cio do Buriti continua e na quarta, dia 22\u00a0de junho, \u00e0s 8 horas da manh\u00e3 tem mais um ato p\u00fablico.<\/span><\/p>\n<p><span style=\"font-size: 20px;\">O Sindicato dos Vigilantes do DF <em><strong>convoca\u00a0todos\u00a0os que est\u00e3o de aviso para comparecer, saiam dos postos, venham defender seus empregos. <\/strong><\/em>Somente com press\u00e3o e mobiliza\u00e7\u00e3o iremos reverter as demiss\u00f5es. E convida\u00a0toda a categoria,\u00a0seu apoio e solidariedade contam muito. Hoje s\u00e3o 600 demiss\u00f5es e se nos calarmos, amanh\u00e3 ser\u00e3o mil, dois mil e assim por\u00a0diante.<\/span><\/p>\n<p><span style=\"font-size: 20px;\">Venha para o Ato p\u00fablico lutar junto com o SINDESV-DF.<\/span><\/p>\n<p style=\"text-align: center;\"><strong><span style=\"font-size: 20px;\">Quarta feira, 22\u00a0de junho \u00e0s 8h em frente ao Buriti.<\/span><\/strong><\/p>\n<p class=\"wpf_wrapper\"><a class=\"print_link\" href=\"\" target=\"_blank\">Preparar para impress\u00e3o<\/a><\/p><!-- .wpf_wrapper -->","protected":false},"excerpt":{"rendered":"<p>TODOS OS QUE EST\u00c3O DE AVISO COMPARE\u00c7AM; SAIAM DE SEUS POSTOS;\u00a0SAIAM DA SUA ZONA DE CONFORTO; TRAGAM SUA FAM\u00cdLIA E&hellip; <\/p>\n","protected":false},"author":1,"featured_media":0,"comment_status":"closed","ping_status":"closed","sticky":false,"template":"","format":"standard","meta":{"footnotes":""},"categories":[7],"tags":[],"class_list":["post-6060","post","type-post","status-publish","format-standard","hentry","category-noticias"],"jetpack_featured_media_url":"","_links":{"self":[{"href":"https:\/\/sindesvdf.com.br\/news\/wp-json\/wp\/v2\/posts\/6060","targetHints":{"allow":["GET"]}}],"collection":[{"href":"https:\/\/sindesvdf.com.br\/news\/wp-json\/wp\/v2\/posts"}],"about":[{"href":"https:\/\/sindesvdf.com.br\/news\/wp-json\/wp\/v2\/types\/post"}],"author":[{"embeddable":true,"href":"https:\/\/sindesvdf.com.br\/news\/wp-json\/wp\/v2\/users\/1"}],"replies":[{"embeddable":true,"href":"https:\/\/sindesvdf.com.br\/news\/wp-json\/wp\/v2\/comments?post=6060"}],"version-history":[{"count":5,"href":"https:\/\/sindesvdf.com.br\/news\/wp-json\/wp\/v2\/posts\/6060\/revisions"}],"predecessor-version":[{"id":6067,"href":"https:\/\/sindesvdf.com.br\/news\/wp-json\/wp\/v2\/posts\/6060\/revisions\/6067"}],"wp:attachment":[{"href":"https:\/\/sindesvdf.com.br\/news\/wp-json\/wp\/v2\/media?parent=6060"}],"wp:term":[{"taxonomy":"category","embeddable":true,"href":"https:\/\/sindesvdf.com.br\/news\/wp-json\/wp\/v2\/categories?post=6060"},{"taxonomy":"post_tag","embeddable":true,"href":"https:\/\/sindesvdf.com.br\/news\/wp-json\/wp\/v2\/tags?post=6060"}],"curies":[{"name":"wp","href":"https:\/\/api.w.org\/{rel}","templated":true}]}}