{"id":6076,"date":"2016-06-25T19:38:39","date_gmt":"2016-06-25T22:38:39","guid":{"rendered":"http:\/\/sindesvdf.com.br\/news\/?p=6076"},"modified":"2016-06-26T00:23:05","modified_gmt":"2016-06-26T03:23:05","slug":"atencao-vigilantes-2","status":"publish","type":"post","link":"https:\/\/sindesvdf.com.br\/news\/atencao-vigilantes-2\/","title":{"rendered":"Aten\u00e7\u00e3o Vigilantes"},"content":{"rendered":"<h2 style=\"text-align: center;\"><span style=\"color: #d41919;\"><b>Vamos todos e todas ao Ato P\u00fablico contra as demiss\u00f5es do GDF\/Multserv e Brasfort<\/b><\/span><\/h2>\n<p>&nbsp;<\/p>\n<p><span style=\"font-size: 18px;\">O Sindicato dos Vigilantes do DF n\u00e3o desistiu da luta para reverter as injustas demiss\u00f5es feitas pelo GDF de 600 vigilantes da Multserv e Brasfort.<u><\/u><u><\/u><\/span><\/p>\n<p><span style=\"font-size: 18px;\">Convocamos a categoria para mais um grande ato p\u00fablico, nesta ter\u00e7a-feira, dia 28 de junho, \u00e0s 8 horas em frente ao Pal\u00e1cio do Buriti.<\/span><\/p>\n<p><span style=\"font-size: 18px;\">Quem organiza a luta \u00e9 o Sindicato, mas somente com a participa\u00e7\u00e3o de todos e todas sairemos fortalecidos e vitoriosos. Voc\u00ea n\u00e3o pode ficar de fora dessa luta, pois a press\u00e3o, nesse momento, com uma grande participa\u00e7\u00e3o de todos e todas \u00e9 fundamental para que o GDF cumpra o que est\u00e1 no edital.<\/span><\/p>\n<p style=\"text-align: center;\"><strong><span style=\"font-size: 18px;\">Venha lutar pelo seu emprego.<br \/>\nContamos com a sua presen\u00e7a.<br \/>\nDia, 28, ter\u00e7a, \u00e0s 8 horas no Buriti.<\/span><\/strong><\/p>\n<hr \/>\n<h3 style=\"text-align: center;\"><strong><em>Sindicato dos Vigilantes do DF<br \/>\nSempre vigilante em defesa da categoria<br \/>\n<span style=\"font-size: 18px;\">Filiado:\u00a0 \u00e0 CUT \u2013 CNTV \u2013 FEVIG e Dieese<\/span><\/em><\/strong><\/h3>\n<p>&nbsp;<\/p>\n<p class=\"wpf_wrapper\"><a class=\"print_link\" href=\"\" target=\"_blank\">Preparar para impress\u00e3o<\/a><\/p><!-- .wpf_wrapper -->","protected":false},"excerpt":{"rendered":"<p>Vamos todos e todas ao Ato P\u00fablico contra as demiss\u00f5es do GDF\/Multserv e Brasfort &nbsp; O Sindicato dos Vigilantes do&hellip; <\/p>\n","protected":false},"author":1,"featured_media":0,"comment_status":"closed","ping_status":"closed","sticky":false,"template":"","format":"standard","meta":{"footnotes":""},"categories":[7],"tags":[],"class_list":["post-6076","post","type-post","status-publish","format-standard","hentry","category-noticias"],"jetpack_featured_media_url":"","_links":{"self":[{"href":"https:\/\/sindesvdf.com.br\/news\/wp-json\/wp\/v2\/posts\/6076","targetHints":{"allow":["GET"]}}],"collection":[{"href":"https:\/\/sindesvdf.com.br\/news\/wp-json\/wp\/v2\/posts"}],"about":[{"href":"https:\/\/sindesvdf.com.br\/news\/wp-json\/wp\/v2\/types\/post"}],"author":[{"embeddable":true,"href":"https:\/\/sindesvdf.com.br\/news\/wp-json\/wp\/v2\/users\/1"}],"replies":[{"embeddable":true,"href":"https:\/\/sindesvdf.com.br\/news\/wp-json\/wp\/v2\/comments?post=6076"}],"version-history":[{"count":9,"href":"https:\/\/sindesvdf.com.br\/news\/wp-json\/wp\/v2\/posts\/6076\/revisions"}],"predecessor-version":[{"id":6085,"href":"https:\/\/sindesvdf.com.br\/news\/wp-json\/wp\/v2\/posts\/6076\/revisions\/6085"}],"wp:attachment":[{"href":"https:\/\/sindesvdf.com.br\/news\/wp-json\/wp\/v2\/media?parent=6076"}],"wp:term":[{"taxonomy":"category","embeddable":true,"href":"https:\/\/sindesvdf.com.br\/news\/wp-json\/wp\/v2\/categories?post=6076"},{"taxonomy":"post_tag","embeddable":true,"href":"https:\/\/sindesvdf.com.br\/news\/wp-json\/wp\/v2\/tags?post=6076"}],"curies":[{"name":"wp","href":"https:\/\/api.w.org\/{rel}","templated":true}]}}