{"id":6086,"date":"2016-06-30T15:05:59","date_gmt":"2016-06-30T18:05:59","guid":{"rendered":"http:\/\/sindesvdf.com.br\/news\/?p=6086"},"modified":"2016-06-30T15:05:59","modified_gmt":"2016-06-30T18:05:59","slug":"gdf-tem-ate-esta-quinta-3006-para-decidir-sobre-revisao-de-demissoes","status":"publish","type":"post","link":"https:\/\/sindesvdf.com.br\/news\/gdf-tem-ate-esta-quinta-3006-para-decidir-sobre-revisao-de-demissoes\/","title":{"rendered":"GDF tem at\u00e9 esta quinta (30\/06) para decidir sobre revis\u00e3o de demiss\u00f5es"},"content":{"rendered":"<header>\n<h1 class=\"entry-title\"><\/h1>\n<div class=\"meta-info\"><\/div>\n<\/header>\n<div class=\"thumb-wrap\"><img loading=\"lazy\" decoding=\"async\" class=\"entry-thumb aligncenter\" title=\"GDF tem at\u00e9 esta quinta (30) para decidir sobre revis\u00e3o de demiss\u00f5es\" src=\"http:\/\/www.cutbrasilia.org.br\/site\/wp-content\/uploads\/2016\/06\/WhatsApp-Image-20160628-2-700x466.jpeg\" width=\"700\" height=\"466\" \/><\/div>\n<div class=\"td-post-text-content\">\n<p>Ap\u00f3s intensas mobiliza\u00e7\u00f5es dos trabalhadores, o governo prometeu tentar reverter a demiss\u00e3o em massa de 600\u00a0vigilantes\u00a0das empresas\u00a0Multserv e Brasforte e dar uma resposta a eles at\u00e9 esta quinta-feira (30), quando termina o aviso pr\u00e9vio.\u00a0Os vigilantes demitidos, que prestam servi\u00e7o aos \u00f3rg\u00e3os p\u00fablicos no GDF, e a diretoria do Sindesv, sindicato da categoria, aguardam uma resposta favor\u00e1vel, diante da import\u00e2ncia desses trabalhadores para a seguran\u00e7a do patrim\u00f4nio do DF, dos servidores e dos usu\u00e1rios dos servi\u00e7os.<\/p>\n<p>A promessa de tentar rever a medida foi feita na manh\u00e3 da \u00faltima ter\u00e7a-feira (28), quando uma comiss\u00e3o de dirigentes do sindicato foi recebida pelo assessor da \u00e1rea sindical da Casa Civil, Rosalvo Bezerra. No encontro, os<img loading=\"lazy\" decoding=\"async\" class=\"alignright wp-image-23348\" src=\"http:\/\/www.cutbrasilia.org.br\/site\/wp-content\/uploads\/2016\/06\/vigilantes-1-300x123.jpg\" sizes=\"auto, (max-width: 429px) 100vw, 429px\" srcset=\"http:\/\/www.cutbrasilia.org.br\/site\/wp-content\/uploads\/2016\/06\/vigilantes-1-300x123.jpg 300w, http:\/\/www.cutbrasilia.org.br\/site\/wp-content\/uploads\/2016\/06\/vigilantes-1-768x315.jpg 768w, http:\/\/www.cutbrasilia.org.br\/site\/wp-content\/uploads\/2016\/06\/vigilantes-1-1024x420.jpg 1024w, http:\/\/www.cutbrasilia.org.br\/site\/wp-content\/uploads\/2016\/06\/vigilantes-1-700x287.jpg 700w, http:\/\/www.cutbrasilia.org.br\/site\/wp-content\/uploads\/2016\/06\/vigilantes-1.jpg 1184w\" alt=\"vigilantes\" width=\"429\" height=\"176\" \/>dirigentes dos trabalhadores e o deputado distrital Chico Vigilante propuseram que o governo e os representantes das empresas estudassem uma solu\u00e7\u00e3o para o problema.<\/p>\n<p>Al\u00e9m disso, a comiss\u00e3o pediu agilidade na realiza\u00e7\u00e3o da licita\u00e7\u00e3o em andamento para a contrata\u00e7\u00e3o de\u00a07.410\u00a0vigilantes.\u00a0O Sindesv-DF\u00a0defende que o governo Rollemberg suspenda as demiss\u00f5es at\u00e9 que se encerre a licita\u00e7\u00e3o. Para o sindicato, n\u00e3o h\u00e1 a menor necessidade de demiss\u00f5es. Ao contr\u00e1rio, a\u00a0licita\u00e7\u00e3o prev\u00ea contrata\u00e7\u00f5es de mais 710 vigilantes em rela\u00e7\u00e3o ao quadro atual.<\/p>\n<p>Segundo o vice-presidente do sindicato dos vigilantes, Paulo Quadros, a luta n\u00e3o pode parar. \u201cEstamos na expectativa de que o GDF volte atr\u00e1s na decis\u00e3o. N\u00e3o podemos permitir que tantas fam\u00edlias sejam prejudicadas desta maneira. Afinal, os trabalhadores n\u00e3o s\u00e3o culpados pela crise e n\u00e3o podem pagar por ela\u201d, disse.<\/p>\n<p>O GDF solicitou que as empresas demitissem um total equivalente ao percentual do reajuste salarial concedido \u00e0 categoria em acordo coletivo, que foi de 11,5%.\u00a0A explica\u00e7\u00e3o dada para as demiss\u00f5es seria os cortes or\u00e7ament\u00e1rios, o que teria obrigado o governo a repactuar o contrato com as empresas terceirizadas em novos par\u00e2metros.<\/p>\n<p style=\"text-align: right;\"><span style=\"color: #ff0000;\"><em>Fonte : CUT Bras\u00edlia e Site Chico Vigilante<\/em><\/span><\/p>\n<\/div>\n<p class=\"wpf_wrapper\"><a class=\"print_link\" href=\"\" target=\"_blank\">Preparar para impress\u00e3o<\/a><\/p><!-- .wpf_wrapper -->","protected":false},"excerpt":{"rendered":"<p>Ap\u00f3s intensas mobiliza\u00e7\u00f5es dos trabalhadores, o governo prometeu tentar reverter a demiss\u00e3o em massa de 600\u00a0vigilantes\u00a0das empresas\u00a0Multserv e Brasforte e&hellip; <\/p>\n","protected":false},"author":1,"featured_media":0,"comment_status":"closed","ping_status":"closed","sticky":false,"template":"","format":"standard","meta":{"footnotes":""},"categories":[7],"tags":[],"class_list":["post-6086","post","type-post","status-publish","format-standard","hentry","category-noticias"],"jetpack_featured_media_url":"","_links":{"self":[{"href":"https:\/\/sindesvdf.com.br\/news\/wp-json\/wp\/v2\/posts\/6086","targetHints":{"allow":["GET"]}}],"collection":[{"href":"https:\/\/sindesvdf.com.br\/news\/wp-json\/wp\/v2\/posts"}],"about":[{"href":"https:\/\/sindesvdf.com.br\/news\/wp-json\/wp\/v2\/types\/post"}],"author":[{"embeddable":true,"href":"https:\/\/sindesvdf.com.br\/news\/wp-json\/wp\/v2\/users\/1"}],"replies":[{"embeddable":true,"href":"https:\/\/sindesvdf.com.br\/news\/wp-json\/wp\/v2\/comments?post=6086"}],"version-history":[{"count":1,"href":"https:\/\/sindesvdf.com.br\/news\/wp-json\/wp\/v2\/posts\/6086\/revisions"}],"predecessor-version":[{"id":6087,"href":"https:\/\/sindesvdf.com.br\/news\/wp-json\/wp\/v2\/posts\/6086\/revisions\/6087"}],"wp:attachment":[{"href":"https:\/\/sindesvdf.com.br\/news\/wp-json\/wp\/v2\/media?parent=6086"}],"wp:term":[{"taxonomy":"category","embeddable":true,"href":"https:\/\/sindesvdf.com.br\/news\/wp-json\/wp\/v2\/categories?post=6086"},{"taxonomy":"post_tag","embeddable":true,"href":"https:\/\/sindesvdf.com.br\/news\/wp-json\/wp\/v2\/tags?post=6086"}],"curies":[{"name":"wp","href":"https:\/\/api.w.org\/{rel}","templated":true}]}}