{"id":6094,"date":"2016-07-01T14:31:47","date_gmt":"2016-07-01T17:31:47","guid":{"rendered":"http:\/\/sindesvdf.com.br\/news\/?p=6094"},"modified":"2016-07-05T08:42:48","modified_gmt":"2016-07-05T11:42:48","slug":"ministerio-publico-do-tcdf-sinaliza-positivamente-para-licitacao-na-area-de-seguranca-privada","status":"publish","type":"post","link":"https:\/\/sindesvdf.com.br\/news\/ministerio-publico-do-tcdf-sinaliza-positivamente-para-licitacao-na-area-de-seguranca-privada\/","title":{"rendered":"Minist\u00e9rio P\u00fablico do TCDF sinaliza positivamente para &#8220;licita\u00e7\u00e3o&#8221; na \u00e1rea de seguran\u00e7a privada"},"content":{"rendered":"<p><img loading=\"lazy\" decoding=\"async\" class=\"aligncenter\" src=\"http:\/\/quidnovi.com.br\/wp-content\/uploads\/2015\/03\/TCDF.jpg\" width=\"580\" height=\"260\" \/><\/p>\n<p>No dia 27 de junho o Procurador-Geral do Minist\u00e9rio P\u00fablico junto ao Tribunal de Contas do DF, Dem\u00f3stenes Tres Albuquerque, deu parecer ao Processo 12593\/2016 que trata do Preg\u00e3o Eletr\u00f4nico-SEPLAG sobre Seguran\u00e7a Privada, cujo despacho Singular n\u00ba 154\/2016-GCMM fora determinada a suspens\u00e3o do certame, em termos que foram analisados nesse parecer.<\/p>\n<p>Foram apresentados todos os problemas que suscitaram a suspens\u00e3o do preg\u00e3o e apresentadas as determina\u00e7\u00f5es para as corre\u00e7\u00f5es necess\u00e1rias.<\/p>\n<p><u><\/u>Por isso, j\u00e1 h\u00e1 legitimidade para dar continuidade ao Preg\u00e3o Eletr\u00f4nico e cujo aval do Minist\u00e9rio P\u00fablico de Contas do Distrito Federal, pode ocorrer na pr\u00f3xima semana.<\/p>\n<p><strong>O Sindicato dos Vigilantes aguarda com grande expectativa esse preg\u00e3o eletr\u00f4nico, esperando assim que as 600 demiss\u00f5es feitas pelo GDF sejam revertidas e os vigilantes possam retornar aos seus postos de trabalho.<\/strong><\/p>\n<p style=\"text-align: center;\"><img loading=\"lazy\" decoding=\"async\" class=\"size-large wp-image-6118 aligncenter\" src=\"http:\/\/sindesvdf.com.br\/news\/wp-content\/uploads\/2016\/07\/20160630_180208-790x471.jpg\" alt=\"20160630_180208\" width=\"790\" height=\"471\" srcset=\"https:\/\/sindesvdf.com.br\/news\/wp-content\/uploads\/2016\/07\/20160630_180208-790x471.jpg 790w, https:\/\/sindesvdf.com.br\/news\/wp-content\/uploads\/2016\/07\/20160630_180208-300x179.jpg 300w, https:\/\/sindesvdf.com.br\/news\/wp-content\/uploads\/2016\/07\/20160630_180208-768x458.jpg 768w, https:\/\/sindesvdf.com.br\/news\/wp-content\/uploads\/2016\/07\/20160630_180208.jpg 1024w\" sizes=\"auto, (max-width: 790px) 100vw, 790px\" \/><\/p>\n<p style=\"text-align: left;\">O Sindicato tamb\u00e9m esteve em uma reuni\u00e3o com o Conselheiro do TCDF \u2013 Tribunal de Contas do DF, M\u00e1rcio Michel, que afirmou colocar na pauta o mais r\u00e1pido poss\u00edvel\u00a0a libera\u00e7\u00e3o do preg\u00e3o eletr\u00f4nico. Nesta reuni\u00e3o estavam presidente os diretores Paulo Quadros e Mois\u00e9s Alves acompanhados da Deputada Federal Erika Kokay.<\/p>\n<p>Tamb\u00e9m estivemos com a procuradora geral \u00a0do Minist\u00e9rio P\u00fablico de Contas do DF, Dr\u00aa Cl\u00e1udia Fernanda de Oliveira Pereira, que encaminhou demandas apresentadas por este Sindicato para agilizar o processo licitat\u00f3rio.<\/p>\n<p class=\"wpf_wrapper\"><a class=\"print_link\" href=\"\" target=\"_blank\">Preparar para impress\u00e3o<\/a><\/p><!-- .wpf_wrapper -->","protected":false},"excerpt":{"rendered":"<p>No dia 27 de junho o Procurador-Geral do Minist\u00e9rio P\u00fablico junto ao Tribunal de Contas do DF, Dem\u00f3stenes Tres Albuquerque,&hellip; <\/p>\n","protected":false},"author":1,"featured_media":0,"comment_status":"closed","ping_status":"closed","sticky":false,"template":"","format":"standard","meta":{"footnotes":""},"categories":[7],"tags":[],"class_list":["post-6094","post","type-post","status-publish","format-standard","hentry","category-noticias"],"jetpack_featured_media_url":"","_links":{"self":[{"href":"https:\/\/sindesvdf.com.br\/news\/wp-json\/wp\/v2\/posts\/6094","targetHints":{"allow":["GET"]}}],"collection":[{"href":"https:\/\/sindesvdf.com.br\/news\/wp-json\/wp\/v2\/posts"}],"about":[{"href":"https:\/\/sindesvdf.com.br\/news\/wp-json\/wp\/v2\/types\/post"}],"author":[{"embeddable":true,"href":"https:\/\/sindesvdf.com.br\/news\/wp-json\/wp\/v2\/users\/1"}],"replies":[{"embeddable":true,"href":"https:\/\/sindesvdf.com.br\/news\/wp-json\/wp\/v2\/comments?post=6094"}],"version-history":[{"count":5,"href":"https:\/\/sindesvdf.com.br\/news\/wp-json\/wp\/v2\/posts\/6094\/revisions"}],"predecessor-version":[{"id":6120,"href":"https:\/\/sindesvdf.com.br\/news\/wp-json\/wp\/v2\/posts\/6094\/revisions\/6120"}],"wp:attachment":[{"href":"https:\/\/sindesvdf.com.br\/news\/wp-json\/wp\/v2\/media?parent=6094"}],"wp:term":[{"taxonomy":"category","embeddable":true,"href":"https:\/\/sindesvdf.com.br\/news\/wp-json\/wp\/v2\/categories?post=6094"},{"taxonomy":"post_tag","embeddable":true,"href":"https:\/\/sindesvdf.com.br\/news\/wp-json\/wp\/v2\/tags?post=6094"}],"curies":[{"name":"wp","href":"https:\/\/api.w.org\/{rel}","templated":true}]}}