{"id":6099,"date":"2016-07-04T08:52:24","date_gmt":"2016-07-04T11:52:24","guid":{"rendered":"http:\/\/sindesvdf.com.br\/news\/?p=6099"},"modified":"2016-07-04T08:52:24","modified_gmt":"2016-07-04T11:52:24","slug":"chico-vigilante-propoe-marcha-contra-o-desemprego","status":"publish","type":"post","link":"https:\/\/sindesvdf.com.br\/news\/chico-vigilante-propoe-marcha-contra-o-desemprego\/","title":{"rendered":"Chico Vigilante prop\u00f5e Marcha Contra o Desemprego"},"content":{"rendered":"<p><img loading=\"lazy\" decoding=\"async\" class=\"aligncenter wp-image-6100 size-large\" src=\"http:\/\/sindesvdf.com.br\/news\/wp-content\/uploads\/2016\/07\/Vinheta-est\u00e1tica-Chico-790x455.png\" alt=\"Vinheta est\u00e1tica Chico\" width=\"790\" height=\"455\" srcset=\"https:\/\/sindesvdf.com.br\/news\/wp-content\/uploads\/2016\/07\/Vinheta-est\u00e1tica-Chico-790x455.png 790w, https:\/\/sindesvdf.com.br\/news\/wp-content\/uploads\/2016\/07\/Vinheta-est\u00e1tica-Chico-300x173.png 300w, https:\/\/sindesvdf.com.br\/news\/wp-content\/uploads\/2016\/07\/Vinheta-est\u00e1tica-Chico-768x443.png 768w, https:\/\/sindesvdf.com.br\/news\/wp-content\/uploads\/2016\/07\/Vinheta-est\u00e1tica-Chico.png 1692w\" sizes=\"auto, (max-width: 790px) 100vw, 790px\" \/><\/p>\n<p>Chico Vigilante n\u00e3o descansa enquanto os trabalhadores da categoria estiverem desempregados.<\/p>\n<p>Apesar de gravar um v\u00eddeo, na \u00e9poca da elei\u00e7\u00e3o, prometendo que n\u00e3o demitiria os trabalhadores terceirizados, Rodrigo Rollemberg autorizou a demiss\u00e3o de 10% dos vigilantes e 10% dos trabalhadores da limpeza que prestavam servi\u00e7os ao GDF.<\/p>\n<p>\u201cIsso \u00e9 de cortar o cora\u00e7\u00e3o. Quando uma montadora demite alguns metal\u00fargicos, o Brasil inteiro sai em solidariedade; e eu tamb\u00e9m. Mas quando s\u00e3o esses trabalhadores, que s\u00e3o praticamente invis\u00edveis, ningu\u00e9m fala nada\u201d, desabafou.<\/p>\n<p>Por isso, Vigilante prop\u00f5e \u00e0 Confedera\u00e7\u00e3o Nacional dos Vigilantes e aos demais sindicatos dos trabalhadores terceirizados, uma grande manifesta\u00e7\u00e3o em Bras\u00edlia contra o desemprego.<\/p>\n<p>\u201cUma marcha pela sobreviv\u00eancia desses homens e mulheres que s\u00f3 querem ter um trabalho para tirar o sustento com dignidade e manter suas fam\u00edlias&#8221;, disse.<\/p>\n<p>Assista!<\/p>\n<div style=\"width: 480px;\" class=\"wp-video\"><video class=\"wp-video-shortcode\" id=\"video-6099-1\" width=\"480\" height=\"270\" preload=\"metadata\" controls=\"controls\"><source type=\"video\/mp4\" src=\"http:\/\/sindesvdf.com.br\/news\/wp-content\/uploads\/2016\/07\/WhatsApp-Video-20160703.mp4?_=1\" \/><a href=\"http:\/\/sindesvdf.com.br\/news\/wp-content\/uploads\/2016\/07\/WhatsApp-Video-20160703.mp4\">http:\/\/sindesvdf.com.br\/news\/wp-content\/uploads\/2016\/07\/WhatsApp-Video-20160703.mp4<\/a><\/video><\/div>\n<p class=\"wpf_wrapper\"><a class=\"print_link\" href=\"\" target=\"_blank\">Preparar para impress\u00e3o<\/a><\/p><!-- .wpf_wrapper -->","protected":false},"excerpt":{"rendered":"<p>Chico Vigilante n\u00e3o descansa enquanto os trabalhadores da categoria estiverem desempregados. Apesar de gravar um v\u00eddeo, na \u00e9poca da elei\u00e7\u00e3o,&hellip; <\/p>\n","protected":false},"author":1,"featured_media":0,"comment_status":"closed","ping_status":"closed","sticky":false,"template":"","format":"standard","meta":{"footnotes":""},"categories":[7],"tags":[],"class_list":["post-6099","post","type-post","status-publish","format-standard","hentry","category-noticias"],"jetpack_featured_media_url":"","_links":{"self":[{"href":"https:\/\/sindesvdf.com.br\/news\/wp-json\/wp\/v2\/posts\/6099","targetHints":{"allow":["GET"]}}],"collection":[{"href":"https:\/\/sindesvdf.com.br\/news\/wp-json\/wp\/v2\/posts"}],"about":[{"href":"https:\/\/sindesvdf.com.br\/news\/wp-json\/wp\/v2\/types\/post"}],"author":[{"embeddable":true,"href":"https:\/\/sindesvdf.com.br\/news\/wp-json\/wp\/v2\/users\/1"}],"replies":[{"embeddable":true,"href":"https:\/\/sindesvdf.com.br\/news\/wp-json\/wp\/v2\/comments?post=6099"}],"version-history":[{"count":2,"href":"https:\/\/sindesvdf.com.br\/news\/wp-json\/wp\/v2\/posts\/6099\/revisions"}],"predecessor-version":[{"id":6103,"href":"https:\/\/sindesvdf.com.br\/news\/wp-json\/wp\/v2\/posts\/6099\/revisions\/6103"}],"wp:attachment":[{"href":"https:\/\/sindesvdf.com.br\/news\/wp-json\/wp\/v2\/media?parent=6099"}],"wp:term":[{"taxonomy":"category","embeddable":true,"href":"https:\/\/sindesvdf.com.br\/news\/wp-json\/wp\/v2\/categories?post=6099"},{"taxonomy":"post_tag","embeddable":true,"href":"https:\/\/sindesvdf.com.br\/news\/wp-json\/wp\/v2\/tags?post=6099"}],"curies":[{"name":"wp","href":"https:\/\/api.w.org\/{rel}","templated":true}]}}