{"id":6106,"date":"2016-07-04T11:23:40","date_gmt":"2016-07-04T14:23:40","guid":{"rendered":"http:\/\/sindesvdf.com.br\/news\/?p=6106"},"modified":"2016-07-04T11:23:40","modified_gmt":"2016-07-04T14:23:40","slug":"nota-de-repudio-mec-demite-vigilantes-apos-ocupacao-do-ministerio","status":"publish","type":"post","link":"https:\/\/sindesvdf.com.br\/news\/nota-de-repudio-mec-demite-vigilantes-apos-ocupacao-do-ministerio\/","title":{"rendered":"Nota de rep\u00fadio: Mec demite vigilantes ap\u00f3s ocupa\u00e7\u00e3o do Minist\u00e9rio"},"content":{"rendered":"<p style=\"text-align: right;\"><span style=\"color: #ff0000;\"><em>Por\u00a0*Chico Vigilante<\/em><\/span><\/p>\n<figure id=\"attachment_6107\" aria-describedby=\"caption-attachment-6107\" style=\"width: 790px\" class=\"wp-caption aligncenter\"><img loading=\"lazy\" decoding=\"async\" class=\"wp-image-6107 size-large\" src=\"http:\/\/sindesvdf.com.br\/news\/wp-content\/uploads\/2016\/07\/boletim-cntv-01-07-2016-6-790x441.jpg\" alt=\"boletim cntv 01-07-2016-6\" width=\"790\" height=\"441\" srcset=\"https:\/\/sindesvdf.com.br\/news\/wp-content\/uploads\/2016\/07\/boletim-cntv-01-07-2016-6-790x441.jpg 790w, https:\/\/sindesvdf.com.br\/news\/wp-content\/uploads\/2016\/07\/boletim-cntv-01-07-2016-6-300x167.jpg 300w, https:\/\/sindesvdf.com.br\/news\/wp-content\/uploads\/2016\/07\/boletim-cntv-01-07-2016-6-768x428.jpg 768w, https:\/\/sindesvdf.com.br\/news\/wp-content\/uploads\/2016\/07\/boletim-cntv-01-07-2016-6.jpg 1140w\" sizes=\"auto, (max-width: 790px) 100vw, 790px\" \/><figcaption id=\"caption-attachment-6107\" class=\"wp-caption-text\"><span style=\"font-size: 12px; color: #ff0000;\">Demiss\u00f5es vieram ap\u00f3s manifesta\u00e7\u00e3o realizada nesta semana. Sindicato denunciou as demiss\u00f5es e classificaram como \u201cpersegui\u00e7\u00e3o\u201d aos trabalhadores, que n\u00e3o reprimiram os manifestantes.<\/span><\/figcaption><\/figure>\n<hr \/>\n<p>&#8220;No comando do Minist\u00e9rio da Educa\u00e7\u00e3o h\u00e1 um ministro sem educa\u00e7\u00e3o que, ap\u00f3s a ocupa\u00e7\u00e3o do pr\u00e9dio realizada por professores, estudantes e entidades representativas da educa\u00e7\u00e3o, ordenou a demiss\u00e3o de 62 vigilantes.<\/p>\n<p>Ele alegou corte de despesa, no entanto, trata-se de uma clara persegui\u00e7\u00e3o contra esses trabalhadores. Na verdade, a demiss\u00e3o em massa ocorreu devido ao fato de os vigilantes n\u00e3o terem reprimido os manifestantes.<\/p>\n<p>Cabe aqui lembrar que esse ministro sem no\u00e7\u00e3o \u00e9 aquele mesmo cujo \u00fanico ato, at\u00e9 o momento, foi conceder audi\u00eancia ao ator Alexandre Frota para tratar da educa\u00e7\u00e3o no pa\u00eds.<\/p>\n<p>Ressalto que a fun\u00e7\u00e3o do vigilante patrimonial n\u00e3o \u00e9 reprimir ningu\u00e9m. Pelo contr\u00e1rio, \u00e9, como a pr\u00f3pria denomina\u00e7\u00e3o informa, para fazer a vigil\u00e2ncia do patrim\u00f4nio.<\/p>\n<p>Os vigilantes s\u00e3o profissionais com cursos forma\u00e7\u00e3o e cuja atua\u00e7\u00e3o \u00e9 fiscalizada pela Pol\u00edcia Federal.<\/p>\n<p>Lembro-me que as manifesta\u00e7\u00f5es de trabalhadores em Bras\u00edlia s\u00f3 n\u00e3o ocorreram nos tempos da ditadura militar. \u00c9 preciso que esse ministro, filhote da ditadura, aprenda a viver em democracia e respeite a atividade dos vigilantes, ainda mais tratando-se de um representante de um governo golpista.<\/p>\n<p>N\u00e3o iremos aceitar, sob nenhuma hip\u00f3tese, que a categoria dos vigilantes seja usada como mil\u00edcia para agredir trabalhadores que lutam pelos seus direitos&#8221;.<\/p>\n<p style=\"text-align: right;\"><span style=\"color: #ff0000;\"><em>* Chico Vigilante \u00e9 Diretor do SINDESV-DF, da\u00a0CNTV e Deputado Distrital<\/em><\/span><\/p>\n<p style=\"text-align: right;\"><span style=\"color: #ff0000;\"><strong><em>Fonte: CNTV<\/em><\/strong><\/span><\/p>\n<p class=\"wpf_wrapper\"><a class=\"print_link\" href=\"\" target=\"_blank\">Preparar para impress\u00e3o<\/a><\/p><!-- .wpf_wrapper -->","protected":false},"excerpt":{"rendered":"<p>Por\u00a0*Chico Vigilante &#8220;No comando do Minist\u00e9rio da Educa\u00e7\u00e3o h\u00e1 um ministro sem educa\u00e7\u00e3o que, ap\u00f3s a ocupa\u00e7\u00e3o do pr\u00e9dio realizada&hellip; <\/p>\n","protected":false},"author":1,"featured_media":0,"comment_status":"closed","ping_status":"closed","sticky":false,"template":"","format":"standard","meta":{"footnotes":""},"categories":[7],"tags":[],"class_list":["post-6106","post","type-post","status-publish","format-standard","hentry","category-noticias"],"jetpack_featured_media_url":"","_links":{"self":[{"href":"https:\/\/sindesvdf.com.br\/news\/wp-json\/wp\/v2\/posts\/6106","targetHints":{"allow":["GET"]}}],"collection":[{"href":"https:\/\/sindesvdf.com.br\/news\/wp-json\/wp\/v2\/posts"}],"about":[{"href":"https:\/\/sindesvdf.com.br\/news\/wp-json\/wp\/v2\/types\/post"}],"author":[{"embeddable":true,"href":"https:\/\/sindesvdf.com.br\/news\/wp-json\/wp\/v2\/users\/1"}],"replies":[{"embeddable":true,"href":"https:\/\/sindesvdf.com.br\/news\/wp-json\/wp\/v2\/comments?post=6106"}],"version-history":[{"count":4,"href":"https:\/\/sindesvdf.com.br\/news\/wp-json\/wp\/v2\/posts\/6106\/revisions"}],"predecessor-version":[{"id":6111,"href":"https:\/\/sindesvdf.com.br\/news\/wp-json\/wp\/v2\/posts\/6106\/revisions\/6111"}],"wp:attachment":[{"href":"https:\/\/sindesvdf.com.br\/news\/wp-json\/wp\/v2\/media?parent=6106"}],"wp:term":[{"taxonomy":"category","embeddable":true,"href":"https:\/\/sindesvdf.com.br\/news\/wp-json\/wp\/v2\/categories?post=6106"},{"taxonomy":"post_tag","embeddable":true,"href":"https:\/\/sindesvdf.com.br\/news\/wp-json\/wp\/v2\/tags?post=6106"}],"curies":[{"name":"wp","href":"https:\/\/api.w.org\/{rel}","templated":true}]}}