{"id":6128,"date":"2016-07-12T17:34:13","date_gmt":"2016-07-12T20:34:13","guid":{"rendered":"http:\/\/sindesvdf.com.br\/news\/?p=6128"},"modified":"2016-07-12T17:34:13","modified_gmt":"2016-07-12T20:34:13","slug":"empresa-gsi-burla-cct-e-demite-vigilantes-sindesv-recorre-ao-mpt","status":"publish","type":"post","link":"https:\/\/sindesvdf.com.br\/news\/empresa-gsi-burla-cct-e-demite-vigilantes-sindesv-recorre-ao-mpt\/","title":{"rendered":"Empresa GSI burla CCT e demite vigilantes; Sindesv recorre ao MPT"},"content":{"rendered":"<p><img loading=\"lazy\" decoding=\"async\" class=\"aligncenter wp-image-6129 size-large\" src=\"http:\/\/sindesvdf.com.br\/news\/wp-content\/uploads\/2016\/07\/DSCN0039-e1468355624239-790x491.jpg\" alt=\"DSCN0039\" width=\"790\" height=\"491\" srcset=\"https:\/\/sindesvdf.com.br\/news\/wp-content\/uploads\/2016\/07\/DSCN0039-e1468355624239-790x491.jpg 790w, https:\/\/sindesvdf.com.br\/news\/wp-content\/uploads\/2016\/07\/DSCN0039-e1468355624239-300x186.jpg 300w, https:\/\/sindesvdf.com.br\/news\/wp-content\/uploads\/2016\/07\/DSCN0039-e1468355624239-768x477.jpg 768w, https:\/\/sindesvdf.com.br\/news\/wp-content\/uploads\/2016\/07\/DSCN0039-e1468355624239.jpg 1468w\" sizes=\"auto, (max-width: 790px) 100vw, 790px\" \/><\/p>\n<p>O Sindicato dos Vigilantes do DF\u00a0(SINDESV-DF)\u00a0entrar\u00e1 com den\u00fancia no Minist\u00e9rio P\u00fablico do Trabalho contra a empresa GSI por descumprimento de Cl\u00e1usula da Conven\u00e7\u00e3o\u00a0Coletiva de Trabalho (CCT). O sindicato reivindica que a GSI, que presta servi\u00e7os de vigil\u00e2ncia para a Cobra Tecnologia, recontrate 12 vigilantes demitidos injustamente.<\/p>\n<p>Segundo o secret\u00e1rio de Pol\u00edticas Sociais do SINDESV-DF, Florismar Ara\u00fajo, a GSI est\u00e1 descumprindo a cl\u00e1usula 34 da\u00a0CCT da categoria, que trata da garantia dos empregos.\u00a0 Com esta cl\u00e1usula, fica assegurado que, em caso de nova licita\u00e7\u00e3o ou contrato de presta\u00e7\u00e3o de servi\u00e7os, a nova contratada dever\u00e1 manter os empregados da empresa anterior.<\/p>\n<p>Os trabalhadores que foram demitidos eram ligados a Katana Seguran\u00e7a, empresa que\u00a0possu\u00eda\u00a0contrato com a Cobra\u00a0Tecnologia anteriormente.\u00a0 Com o fim do contrato, a Cobra contratou os servi\u00e7os da GSI, \u00a0que descumpriu a cl\u00e1usula da CCT, e demitiu os 12 trabalhadores.<\/p>\n<p>A empresa alega que os vigilantes n\u00e3o foram readmitidos porque n\u00e3o possuem o curso de armas n\u00e3o letais. Os representantes patronais ainda afirmam que, al\u00e9m do curso, \u00e9 preciso dois anos de experi\u00eancia com uso deste tipo de arma.<\/p>\n<p>Entretanto, de acordo com Florismar Ara\u00fajo, a demiss\u00e3o \u00e9 injustific\u00e1vel, pois este curso espec\u00edfico n\u00e3o \u00e9 exigido para atuar como vigilante. Mesmo assim, esses trabalhadores possu\u00edam experi\u00eancia de 11 meses com armas n\u00e3o letais do contrato anterior.<\/p>\n<p>Para o dirigente esta situa\u00e7\u00e3o \u00e9 revoltante. <em>\u201cA empresa est\u00e1 descumprindo a cl\u00e1usula e a contratante (a Cobra) \u00e9 conivente. \u00c9 um absurdo demitir pais e m\u00e3es de fam\u00edlia desta forma. Atualmente, vivenciamos uma onda de demiss\u00f5es de vigilantes, por isso, devemos nos unir para garantir nossos direitos\u201d<\/em>, disse.<\/p>\n<p>No dia 6 de julho, uma reuni\u00e3o entre sindicato e GSI foi realizada para tentar solucionar o impasse, por\u00e9m n\u00e3o houve avan\u00e7o. Paralelamente a este encontro, vigilantes realizaram manifesta\u00e7\u00e3o de protesto diante da empresa. Segundo os dirigentes do SINDESV-DF, caso a den\u00fancia ao MPT n\u00e3o resolva o problema, o sindicato entrar\u00e1 com uma a\u00e7\u00e3o judicial.<\/p>\n<p style=\"text-align: right;\"><span style=\"color: #ff0000;\"><em>Fonte: CUT Bras\u00edlia<\/em><\/span><\/p>\n<p class=\"wpf_wrapper\"><a class=\"print_link\" href=\"\" target=\"_blank\">Preparar para impress\u00e3o<\/a><\/p><!-- .wpf_wrapper -->","protected":false},"excerpt":{"rendered":"<p>O Sindicato dos Vigilantes do DF\u00a0(SINDESV-DF)\u00a0entrar\u00e1 com den\u00fancia no Minist\u00e9rio P\u00fablico do Trabalho contra a empresa GSI por descumprimento de&hellip; <\/p>\n","protected":false},"author":1,"featured_media":0,"comment_status":"closed","ping_status":"closed","sticky":false,"template":"","format":"standard","meta":{"footnotes":""},"categories":[7],"tags":[],"class_list":["post-6128","post","type-post","status-publish","format-standard","hentry","category-noticias"],"jetpack_featured_media_url":"","_links":{"self":[{"href":"https:\/\/sindesvdf.com.br\/news\/wp-json\/wp\/v2\/posts\/6128","targetHints":{"allow":["GET"]}}],"collection":[{"href":"https:\/\/sindesvdf.com.br\/news\/wp-json\/wp\/v2\/posts"}],"about":[{"href":"https:\/\/sindesvdf.com.br\/news\/wp-json\/wp\/v2\/types\/post"}],"author":[{"embeddable":true,"href":"https:\/\/sindesvdf.com.br\/news\/wp-json\/wp\/v2\/users\/1"}],"replies":[{"embeddable":true,"href":"https:\/\/sindesvdf.com.br\/news\/wp-json\/wp\/v2\/comments?post=6128"}],"version-history":[{"count":1,"href":"https:\/\/sindesvdf.com.br\/news\/wp-json\/wp\/v2\/posts\/6128\/revisions"}],"predecessor-version":[{"id":6130,"href":"https:\/\/sindesvdf.com.br\/news\/wp-json\/wp\/v2\/posts\/6128\/revisions\/6130"}],"wp:attachment":[{"href":"https:\/\/sindesvdf.com.br\/news\/wp-json\/wp\/v2\/media?parent=6128"}],"wp:term":[{"taxonomy":"category","embeddable":true,"href":"https:\/\/sindesvdf.com.br\/news\/wp-json\/wp\/v2\/categories?post=6128"},{"taxonomy":"post_tag","embeddable":true,"href":"https:\/\/sindesvdf.com.br\/news\/wp-json\/wp\/v2\/tags?post=6128"}],"curies":[{"name":"wp","href":"https:\/\/api.w.org\/{rel}","templated":true}]}}