{"id":6131,"date":"2016-07-12T18:02:52","date_gmt":"2016-07-12T21:02:52","guid":{"rendered":"http:\/\/sindesvdf.com.br\/news\/?p=6131"},"modified":"2016-07-15T15:56:27","modified_gmt":"2016-07-15T18:56:27","slug":"sindesv-df-discute-e-elabora-plano-de-acao-e-lutas-com-delegados-de-base","status":"publish","type":"post","link":"https:\/\/sindesvdf.com.br\/news\/sindesv-df-discute-e-elabora-plano-de-acao-e-lutas-com-delegados-de-base\/","title":{"rendered":"Sindicato discute e elabora Plano de A\u00e7\u00e3o e Lutas com delegados de base"},"content":{"rendered":"<p style=\"text-align: center;\"><img loading=\"lazy\" decoding=\"async\" class=\"size-large wp-image-6132 aligncenter\" src=\"http:\/\/sindesvdf.com.br\/news\/wp-content\/uploads\/2016\/07\/Semin\u00e1rio_1-790x482.png\" alt=\"Semin\u00e1rio_1\" width=\"790\" height=\"482\" srcset=\"https:\/\/sindesvdf.com.br\/news\/wp-content\/uploads\/2016\/07\/Semin\u00e1rio_1-790x482.png 790w, https:\/\/sindesvdf.com.br\/news\/wp-content\/uploads\/2016\/07\/Semin\u00e1rio_1-300x183.png 300w, https:\/\/sindesvdf.com.br\/news\/wp-content\/uploads\/2016\/07\/Semin\u00e1rio_1-768x468.png 768w, https:\/\/sindesvdf.com.br\/news\/wp-content\/uploads\/2016\/07\/Semin\u00e1rio_1.png 1000w\" sizes=\"auto, (max-width: 790px) 100vw, 790px\" \/><\/p>\n<p>Em semin\u00e1rio realizado neste final de semana (9 e 10), dirigentes e militantes\u00a0do Sindicato dos Vigilantes do DF, (SINDESV-DF)\u00a0tra\u00e7aram Plano de A\u00e7\u00f5es e Lutas para este ano. O tema\u00a0do encontro foi <strong>\u201cOs vigilantes e a Organiza\u00e7\u00e3o Sindical: Atuar para garantir direitos e avan\u00e7ar na luta\u201d<\/strong>.<\/p>\n<p>O semin\u00e1rio reuniu diretores e delegados de base do (SINDESV-DF) para debaterem sobre a atual conjuntura e os ataques aos direitos e conquistas dos trabalhadores.<\/p>\n<p>De acordo com o secret\u00e1rio geral do Sindesv, Mois\u00e9s da Consola\u00e7\u00e3o, o semin\u00e1rio \u00e9 um importante instrumento de mobiliza\u00e7\u00e3o da base. <em>\u201cO nosso principal objetivo \u00e9 preparar esses delegados e organizar a luta. Precisamos realizar o enfrentamento a este governo ileg\u00edtimo. Os ataques aos direitos trabalhistas est\u00e3o acontecendo, por isso, \u00e9 preciso que todos trabalhadores e dirigentes sindicais se mobilizem para mudar essa situa\u00e7\u00e3o\u201d<\/em>, disse.<\/p>\n<p>Ainda segundo o dirigente, foram aprovadas quest\u00f5es essenciais no Plano de A\u00e7\u00e3o e Lutas, voltadas para\u00a0a promo\u00e7\u00e3o de mobiliza\u00e7\u00f5es por direitos,\u00a0a campanha salarial, a defesa de cl\u00e1usulas sociais e econ\u00f4micas, entre outros pontos.<\/p>\n<p>Para o presidente da CUT Bras\u00edlia, Rodrigo Britto, que fez uma an\u00e1lise da conjuntura que envolve golpe de Estado e ataque \u00e0s conquistas dos trabalhadores, o debate realizado serviu para formar e politizar os delegados sindicais. <em>\u201cRealizar debate torna-se imprescind\u00edvel no momento que vivenciamos. Precisamos unificar ainda mais a categoria e realizar semin\u00e1rios para formar sindicatos e categorias combativas\u201d<\/em>, disse.<\/p>\n<p>Participaram das mesas de debates diversas lideran\u00e7as, como os deputados Chico Vigilante e Erika Kokay, o secret\u00e1rio de Forma\u00e7\u00e3o da Fetec-CUT\/CN, Jacy Afonso, o presidente da Confedera\u00e7\u00e3o Nacional dos Vigilantes, Jos\u00e9 Boaventura, al\u00e9m de representantes do\u00a0Departamento Intersindical de Assessoria Parlamentar\u00a0DIAP.<\/p>\n<p style=\"text-align: right;\"><span style=\"color: #ff0000;\"><em>Fonte: CUT Bras\u00edlia com informa\u00e7\u00f5es SINDESV-DF<\/em><\/span><\/p>\n<p style=\"text-align: center;\">[metaslider id=6139]<\/p>\n<p class=\"wpf_wrapper\"><a class=\"print_link\" href=\"\" target=\"_blank\">Preparar para impress\u00e3o<\/a><\/p><!-- .wpf_wrapper -->","protected":false},"excerpt":{"rendered":"<p>Em semin\u00e1rio realizado neste final de semana (9 e 10), dirigentes e militantes\u00a0do Sindicato dos Vigilantes do DF, (SINDESV-DF)\u00a0tra\u00e7aram Plano&hellip; <\/p>\n","protected":false},"author":1,"featured_media":0,"comment_status":"closed","ping_status":"closed","sticky":false,"template":"","format":"standard","meta":{"footnotes":""},"categories":[7],"tags":[],"class_list":["post-6131","post","type-post","status-publish","format-standard","hentry","category-noticias"],"jetpack_featured_media_url":"","_links":{"self":[{"href":"https:\/\/sindesvdf.com.br\/news\/wp-json\/wp\/v2\/posts\/6131","targetHints":{"allow":["GET"]}}],"collection":[{"href":"https:\/\/sindesvdf.com.br\/news\/wp-json\/wp\/v2\/posts"}],"about":[{"href":"https:\/\/sindesvdf.com.br\/news\/wp-json\/wp\/v2\/types\/post"}],"author":[{"embeddable":true,"href":"https:\/\/sindesvdf.com.br\/news\/wp-json\/wp\/v2\/users\/1"}],"replies":[{"embeddable":true,"href":"https:\/\/sindesvdf.com.br\/news\/wp-json\/wp\/v2\/comments?post=6131"}],"version-history":[{"count":5,"href":"https:\/\/sindesvdf.com.br\/news\/wp-json\/wp\/v2\/posts\/6131\/revisions"}],"predecessor-version":[{"id":6204,"href":"https:\/\/sindesvdf.com.br\/news\/wp-json\/wp\/v2\/posts\/6131\/revisions\/6204"}],"wp:attachment":[{"href":"https:\/\/sindesvdf.com.br\/news\/wp-json\/wp\/v2\/media?parent=6131"}],"wp:term":[{"taxonomy":"category","embeddable":true,"href":"https:\/\/sindesvdf.com.br\/news\/wp-json\/wp\/v2\/categories?post=6131"},{"taxonomy":"post_tag","embeddable":true,"href":"https:\/\/sindesvdf.com.br\/news\/wp-json\/wp\/v2\/tags?post=6131"}],"curies":[{"name":"wp","href":"https:\/\/api.w.org\/{rel}","templated":true}]}}