{"id":6140,"date":"2016-07-15T14:25:25","date_gmt":"2016-07-15T17:25:25","guid":{"rendered":"http:\/\/sindesvdf.com.br\/news\/?p=6140"},"modified":"2016-07-15T14:25:25","modified_gmt":"2016-07-15T17:25:25","slug":"vigia-nao-e-vigilante","status":"publish","type":"post","link":"https:\/\/sindesvdf.com.br\/news\/vigia-nao-e-vigilante\/","title":{"rendered":"Vigia n\u00e3o \u00e9 Vigilante"},"content":{"rendered":"<p><img loading=\"lazy\" decoding=\"async\" class=\"aligncenter wp-image-5544 size-full\" src=\"http:\/\/sindesvdf.com.br\/news\/wp-content\/uploads\/2016\/03\/Vigilantes2.png\" width=\"521\" height=\"274\" srcset=\"https:\/\/sindesvdf.com.br\/news\/wp-content\/uploads\/2016\/03\/Vigilantes2.png 521w, https:\/\/sindesvdf.com.br\/news\/wp-content\/uploads\/2016\/03\/Vigilantes2-300x158.png 300w\" sizes=\"auto, (max-width: 521px) 100vw, 521px\" \/><\/p>\n<p>Em mat\u00e9ria veiculada por diversos jornais,\u00a0sites e TV, nesta sexta-feira, 15\/07, acusam vigilante de ter dormido em servi\u00e7o, pois estava b\u00eabado e assim n\u00e3o percebeu que bandidos adentraram Escola Classe 8 de Brazl\u00e2ndia, na noite dessa quinta-feira (14\/7), e levaram seis televisores.<u><\/u><u><\/u><\/p>\n<p>O Sindicato dos Vigilantes do DF esclarece que o referido profissional n\u00e3o \u00e9 vigilante de seguran\u00e7a privada e sim do quadro de agente de seguran\u00e7a (vigia) da Secretaria de Educa\u00e7\u00e3o. S\u00e3o profissionais que o GDF n\u00e3o oferece cursos qualificados e sequer tem porte de arma para resguardar o patrim\u00f4nio p\u00fablico.<u><\/u><u><\/u><\/p>\n<p>Lamentamos que as pessoas ainda n\u00e3o saibam diferenciar o vigia do vigilante, sempre confundindo as categorias e quando ocorrem sinistros, acabam colocando a culpa no vigilante de seguran\u00e7a privada, profissionais esses qualificados para a fun\u00e7\u00e3o e que se reciclam a cada dois anos, para que possam prestar os excelentes servi\u00e7os em defesa da vida e do patrim\u00f4nio.<\/p>\n<p class=\"wpf_wrapper\"><a class=\"print_link\" href=\"\" target=\"_blank\">Preparar para impress\u00e3o<\/a><\/p><!-- .wpf_wrapper -->","protected":false},"excerpt":{"rendered":"<p>Em mat\u00e9ria veiculada por diversos jornais,\u00a0sites e TV, nesta sexta-feira, 15\/07, acusam vigilante de ter dormido em servi\u00e7o, pois estava&hellip; <\/p>\n","protected":false},"author":1,"featured_media":0,"comment_status":"closed","ping_status":"closed","sticky":false,"template":"","format":"standard","meta":{"footnotes":""},"categories":[7],"tags":[],"class_list":["post-6140","post","type-post","status-publish","format-standard","hentry","category-noticias"],"jetpack_featured_media_url":"","_links":{"self":[{"href":"https:\/\/sindesvdf.com.br\/news\/wp-json\/wp\/v2\/posts\/6140","targetHints":{"allow":["GET"]}}],"collection":[{"href":"https:\/\/sindesvdf.com.br\/news\/wp-json\/wp\/v2\/posts"}],"about":[{"href":"https:\/\/sindesvdf.com.br\/news\/wp-json\/wp\/v2\/types\/post"}],"author":[{"embeddable":true,"href":"https:\/\/sindesvdf.com.br\/news\/wp-json\/wp\/v2\/users\/1"}],"replies":[{"embeddable":true,"href":"https:\/\/sindesvdf.com.br\/news\/wp-json\/wp\/v2\/comments?post=6140"}],"version-history":[{"count":1,"href":"https:\/\/sindesvdf.com.br\/news\/wp-json\/wp\/v2\/posts\/6140\/revisions"}],"predecessor-version":[{"id":6141,"href":"https:\/\/sindesvdf.com.br\/news\/wp-json\/wp\/v2\/posts\/6140\/revisions\/6141"}],"wp:attachment":[{"href":"https:\/\/sindesvdf.com.br\/news\/wp-json\/wp\/v2\/media?parent=6140"}],"wp:term":[{"taxonomy":"category","embeddable":true,"href":"https:\/\/sindesvdf.com.br\/news\/wp-json\/wp\/v2\/categories?post=6140"},{"taxonomy":"post_tag","embeddable":true,"href":"https:\/\/sindesvdf.com.br\/news\/wp-json\/wp\/v2\/tags?post=6140"}],"curies":[{"name":"wp","href":"https:\/\/api.w.org\/{rel}","templated":true}]}}