{"id":6205,"date":"2016-07-22T11:03:49","date_gmt":"2016-07-22T14:03:49","guid":{"rendered":"http:\/\/sindesvdf.com.br\/news\/?p=6205"},"modified":"2016-07-22T11:45:57","modified_gmt":"2016-07-22T14:45:57","slug":"familia-de-narcelio-clama-por-justica","status":"publish","type":"post","link":"https:\/\/sindesvdf.com.br\/news\/familia-de-narcelio-clama-por-justica\/","title":{"rendered":"Fam\u00edlia de Narc\u00e9lio clama por justi\u00e7a!"},"content":{"rendered":"<div class=\"\" data-block=\"true\" data-editor=\"e9dqo\" data-offset-key=\"8elhv-0-0\">\n<div class=\"_1mf _1mj\" style=\"text-align: center;\" data-offset-key=\"8elhv-0-0\"><img loading=\"lazy\" decoding=\"async\" class=\"alignnone size-full wp-image-6211\" src=\"http:\/\/sindesvdf.com.br\/news\/wp-content\/uploads\/2016\/07\/WhatsApp-Image-20160722-1.jpeg\" alt=\"WhatsApp-Image-20160722\" width=\"732\" height=\"741\" srcset=\"https:\/\/sindesvdf.com.br\/news\/wp-content\/uploads\/2016\/07\/WhatsApp-Image-20160722-1.jpeg 732w, https:\/\/sindesvdf.com.br\/news\/wp-content\/uploads\/2016\/07\/WhatsApp-Image-20160722-1-296x300.jpeg 296w\" sizes=\"auto, (max-width: 732px) 100vw, 732px\" \/><\/div>\n<\/div>\n<div class=\"\" data-block=\"true\" data-editor=\"e9dqo\" data-offset-key=\"2koaj-0-0\">\n<div class=\"_1mf _1mj\" data-offset-key=\"2koaj-0-0\"><span data-offset-key=\"2koaj-0-0\">\u00a0<\/span><\/div>\n<\/div>\n<div class=\"\" data-block=\"true\" data-editor=\"e9dqo\" data-offset-key=\"1gcdp-0-0\">\n<div class=\"_1mf _1mj\" data-offset-key=\"1gcdp-0-0\"><span data-offset-key=\"1gcdp-0-0\"><span data-text=\"true\">A\u00a0fam\u00edlia do vigilante Narc\u00e9lio Rodrigues Ac\u00e2mpora, assassinado covardemente\u00a0na noite de 24\/04 na esta\u00e7\u00e3o do Metr\u00f4, em Ceil\u00e2ndia, clamar\u00e1 por justi\u00e7a em\u00a0ato programado para o <strong>dia 25\/07 \u00e0s 10 horas da manh\u00e3<\/strong>.<\/span><\/span><\/div>\n<div class=\"_1mf _1mj\" data-offset-key=\"1gcdp-0-0\">Narc\u00e9lio teve sua vida interrompida por dois bandidos\u00a0que continuam soltos e aptos a praticar outros crimes.<\/div>\n<div class=\"_1mf _1mj\" data-offset-key=\"1gcdp-0-0\">A fam\u00edlia pede a ajuda da popula\u00e7\u00e3o\u00a0com informa\u00e7\u00f5es que levem \u00e0 captura desses bandidos\u00a0pelo <strong>Disque Den\u00fancia 197<\/strong>. O sigilo \u00e9 total.<\/div>\n<div class=\"_1mf _1mj\" data-offset-key=\"1gcdp-0-0\">O Sindicato dos Vigilantes do DF apoia essa iniciativa e tamb\u00e9m far\u00e1 o poss\u00edvel exigindo que o Metr\u00f4 DF cobre celeridade nas investiga\u00e7\u00f5es do assassinato do vigilante para que esses delinquentes sejam capturados e paguem por esse e outros crimes que venham a ter cometido.<\/div>\n<div class=\"_1mf _1mj\" data-offset-key=\"1gcdp-0-0\"><\/div>\n<\/div>\n<p class=\"wpf_wrapper\"><a class=\"print_link\" href=\"\" target=\"_blank\">Preparar para impress\u00e3o<\/a><\/p><!-- .wpf_wrapper -->","protected":false},"excerpt":{"rendered":"<p>\u00a0 A\u00a0fam\u00edlia do vigilante Narc\u00e9lio Rodrigues Ac\u00e2mpora, assassinado covardemente\u00a0na noite de 24\/04 na esta\u00e7\u00e3o do Metr\u00f4, em Ceil\u00e2ndia, clamar\u00e1 por&hellip; <\/p>\n","protected":false},"author":1,"featured_media":0,"comment_status":"closed","ping_status":"closed","sticky":false,"template":"","format":"standard","meta":{"footnotes":""},"categories":[7],"tags":[],"class_list":["post-6205","post","type-post","status-publish","format-standard","hentry","category-noticias"],"jetpack_featured_media_url":"","_links":{"self":[{"href":"https:\/\/sindesvdf.com.br\/news\/wp-json\/wp\/v2\/posts\/6205","targetHints":{"allow":["GET"]}}],"collection":[{"href":"https:\/\/sindesvdf.com.br\/news\/wp-json\/wp\/v2\/posts"}],"about":[{"href":"https:\/\/sindesvdf.com.br\/news\/wp-json\/wp\/v2\/types\/post"}],"author":[{"embeddable":true,"href":"https:\/\/sindesvdf.com.br\/news\/wp-json\/wp\/v2\/users\/1"}],"replies":[{"embeddable":true,"href":"https:\/\/sindesvdf.com.br\/news\/wp-json\/wp\/v2\/comments?post=6205"}],"version-history":[{"count":5,"href":"https:\/\/sindesvdf.com.br\/news\/wp-json\/wp\/v2\/posts\/6205\/revisions"}],"predecessor-version":[{"id":6212,"href":"https:\/\/sindesvdf.com.br\/news\/wp-json\/wp\/v2\/posts\/6205\/revisions\/6212"}],"wp:attachment":[{"href":"https:\/\/sindesvdf.com.br\/news\/wp-json\/wp\/v2\/media?parent=6205"}],"wp:term":[{"taxonomy":"category","embeddable":true,"href":"https:\/\/sindesvdf.com.br\/news\/wp-json\/wp\/v2\/categories?post=6205"},{"taxonomy":"post_tag","embeddable":true,"href":"https:\/\/sindesvdf.com.br\/news\/wp-json\/wp\/v2\/tags?post=6205"}],"curies":[{"name":"wp","href":"https:\/\/api.w.org\/{rel}","templated":true}]}}