{"id":6214,"date":"2016-07-26T13:16:50","date_gmt":"2016-07-26T16:16:50","guid":{"rendered":"http:\/\/sindesvdf.com.br\/news\/?p=6214"},"modified":"2016-07-27T17:01:16","modified_gmt":"2016-07-27T20:01:16","slug":"ato-no-metro-cobra-agilidade-na-apuracao-da-morte-do-vigilante","status":"publish","type":"post","link":"https:\/\/sindesvdf.com.br\/news\/ato-no-metro-cobra-agilidade-na-apuracao-da-morte-do-vigilante\/","title":{"rendered":"Ato no Metr\u00f4 cobra agilidade na apura\u00e7\u00e3o da morte do vigilante Narc\u00e9lio"},"content":{"rendered":"<p style=\"text-align: center;\"><img loading=\"lazy\" decoding=\"async\" class=\"alignnone size-large wp-image-6218\" src=\"http:\/\/sindesvdf.com.br\/news\/wp-content\/uploads\/2016\/07\/WhatsApp-Image-20160725-e1469630837730-790x471.jpeg\" alt=\"WhatsApp-Image-20160725\" width=\"790\" height=\"471\" srcset=\"https:\/\/sindesvdf.com.br\/news\/wp-content\/uploads\/2016\/07\/WhatsApp-Image-20160725-e1469630837730-790x471.jpeg 790w, https:\/\/sindesvdf.com.br\/news\/wp-content\/uploads\/2016\/07\/WhatsApp-Image-20160725-e1469630837730-300x179.jpeg 300w, https:\/\/sindesvdf.com.br\/news\/wp-content\/uploads\/2016\/07\/WhatsApp-Image-20160725-e1469630837730-768x458.jpeg 768w, https:\/\/sindesvdf.com.br\/news\/wp-content\/uploads\/2016\/07\/WhatsApp-Image-20160725-e1469630837730.jpeg 1276w\" sizes=\"auto, (max-width: 790px) 100vw, 790px\" \/><\/p>\n<div>\n<p>Em ato p\u00fablico realizado na manh\u00e3 \u00a0do dia\u00a025\/07 em frente ao Metr\u00f4 \u2013 Ceil\u00e2ndia Norte, onde aconteceu a tr\u00e1gica morte do vigilante Narc\u00e9lio Ac\u00e2mpora, representantes do\u00a0Sindicato dos Vigilantes do DF (SINDESV-DF), junto com a fam\u00edlia e amigos, cobraram da pol\u00edcia agilidade nas investiga\u00e7\u00f5es do crime.<u><\/u><u><\/u><\/p>\n<p>Desde o assassinato em 24 de abril j\u00e1 se passaram tr\u00eas meses e at\u00e9 agora nenhuma explica\u00e7\u00e3o sobre o crime ou suspeito de autoria foi identificado pela pol\u00edcia.<u><\/u><u><\/u><\/p>\n<p><img loading=\"lazy\" decoding=\"async\" class=\"alignright wp-image-24317\" src=\"http:\/\/www.cutbrasilia.org.br\/site\/wp-content\/uploads\/2016\/07\/vigilantes-3-300x225.jpg\" sizes=\"auto, (max-width: 332px) 100vw, 332px\" srcset=\"http:\/\/www.cutbrasilia.org.br\/site\/wp-content\/uploads\/2016\/07\/vigilantes-3-300x225.jpg 300w, http:\/\/www.cutbrasilia.org.br\/site\/wp-content\/uploads\/2016\/07\/vigilantes-3-768x576.jpg 768w, http:\/\/www.cutbrasilia.org.br\/site\/wp-content\/uploads\/2016\/07\/vigilantes-3-1024x768.jpg 1024w, http:\/\/www.cutbrasilia.org.br\/site\/wp-content\/uploads\/2016\/07\/vigilantes-3-700x525.jpg 700w, http:\/\/www.cutbrasilia.org.br\/site\/wp-content\/uploads\/2016\/07\/vigilantes-3.jpg 1280w\" alt=\"vigilantes 3\" width=\"332\" height=\"249\" \/>A fam\u00edlia tamb\u00e9m pede ajuda da popula\u00e7\u00e3o para que o culpado seja capturado rapidamente para que a impunidade n\u00e3o prevale\u00e7a.\u00a0 Qualquer informa\u00e7\u00e3o deve ser passada pelo disque den\u00fancia 197, que ser\u00e1 totalmente guardada em sigilo.<u><\/u><u><\/u><\/p>\n<p>O secret\u00e1rio geral do sindicato, Mois\u00e9s da Consola\u00e7\u00e3o, que esteve presente no ato p\u00fablico, afirmou que as investiga\u00e7\u00f5es est\u00e3o paradas e a fam\u00edlia do vigilante n\u00e3o recebeu apoio algum do Metr\u00f4\/DF<u><\/u><u><\/u><\/p>\n<p><em>\u201cNo ato de hoje viemos cobrar explica\u00e7\u00f5es do porqu\u00ea as investiga\u00e7\u00f5es est\u00e3o paradas. A popula\u00e7\u00e3o segue correndo perigo com o autor dessa barbaridade \u00e0 solta por a\u00ed. Hoje tamb\u00e9m cobramos uma posi\u00e7\u00e3o da dire\u00e7\u00e3o do Metr\u00f4 que deixou a fam\u00edlia do vigilante sem nenhum suporte.\u201d<\/em><u><\/u><\/p>\n<p>Ainda de acordo com o secret\u00e1rio geral do sindicato, as autoridades est\u00e3o tratando a situa\u00e7\u00e3o com total descaso. \u00a0<em>\u201c\u00c9 extremamente importante esse ato de hoje tamb\u00e9m para chamar a aten\u00e7\u00e3o das autoridades que at\u00e9 ent\u00e3o tratam com total descaso a situa\u00e7\u00e3o. N\u00e3o podemos deixar esse triste fato passar em branco. Vamos at\u00e9 o fim para cobrar justi\u00e7a\u201d<\/em>, finaliza Mois\u00e9s da Consola\u00e7\u00e3o.<u><\/u><u><\/u><\/p>\n<p>Narc\u00e9lio Ac\u00e2mpora teve sua vida interrompida brutalmente com cinco tiros na noite do dia 24 de abril durante o seu turno de trabalho na esta\u00e7\u00e3o do Metr\u00f4 \u2013 Ceil\u00e2ndia Norte. Narc\u00e9lio usava colete \u00e0 prova de balas, mas n\u00e3o resistiu aos ferimentos e morreu no local. Sua arma n\u00e3o foi encontrada.<\/p>\n<\/div>\n<div><\/div>\n<div style=\"text-align: right;\"><span style=\"color: #ff0000;\"><i>Fonte: CUT Bras\u00edlia<\/i><\/span><\/div>\n<p class=\"wpf_wrapper\"><a class=\"print_link\" href=\"\" target=\"_blank\">Preparar para impress\u00e3o<\/a><\/p><!-- .wpf_wrapper -->","protected":false},"excerpt":{"rendered":"<p>Em ato p\u00fablico realizado na manh\u00e3 \u00a0do dia\u00a025\/07 em frente ao Metr\u00f4 \u2013 Ceil\u00e2ndia Norte, onde aconteceu a tr\u00e1gica morte&hellip; <\/p>\n","protected":false},"author":1,"featured_media":0,"comment_status":"closed","ping_status":"closed","sticky":false,"template":"","format":"standard","meta":{"footnotes":""},"categories":[7],"tags":[],"class_list":["post-6214","post","type-post","status-publish","format-standard","hentry","category-noticias"],"jetpack_featured_media_url":"","_links":{"self":[{"href":"https:\/\/sindesvdf.com.br\/news\/wp-json\/wp\/v2\/posts\/6214","targetHints":{"allow":["GET"]}}],"collection":[{"href":"https:\/\/sindesvdf.com.br\/news\/wp-json\/wp\/v2\/posts"}],"about":[{"href":"https:\/\/sindesvdf.com.br\/news\/wp-json\/wp\/v2\/types\/post"}],"author":[{"embeddable":true,"href":"https:\/\/sindesvdf.com.br\/news\/wp-json\/wp\/v2\/users\/1"}],"replies":[{"embeddable":true,"href":"https:\/\/sindesvdf.com.br\/news\/wp-json\/wp\/v2\/comments?post=6214"}],"version-history":[{"count":5,"href":"https:\/\/sindesvdf.com.br\/news\/wp-json\/wp\/v2\/posts\/6214\/revisions"}],"predecessor-version":[{"id":6220,"href":"https:\/\/sindesvdf.com.br\/news\/wp-json\/wp\/v2\/posts\/6214\/revisions\/6220"}],"wp:attachment":[{"href":"https:\/\/sindesvdf.com.br\/news\/wp-json\/wp\/v2\/media?parent=6214"}],"wp:term":[{"taxonomy":"category","embeddable":true,"href":"https:\/\/sindesvdf.com.br\/news\/wp-json\/wp\/v2\/categories?post=6214"},{"taxonomy":"post_tag","embeddable":true,"href":"https:\/\/sindesvdf.com.br\/news\/wp-json\/wp\/v2\/tags?post=6214"}],"curies":[{"name":"wp","href":"https:\/\/api.w.org\/{rel}","templated":true}]}}