{"id":6248,"date":"2016-08-10T15:20:14","date_gmt":"2016-08-10T18:20:14","guid":{"rendered":"http:\/\/sindesvdf.com.br\/news\/?p=6248"},"modified":"2016-08-10T15:20:55","modified_gmt":"2016-08-10T18:20:55","slug":"atencao-vigilantes-da-avalibama-sede","status":"publish","type":"post","link":"https:\/\/sindesvdf.com.br\/news\/atencao-vigilantes-da-avalibama-sede\/","title":{"rendered":"Aten\u00e7\u00e3o vigilantes da AVAL\/IBAMA Sede"},"content":{"rendered":"<h3 style=\"text-align: center;\"><img loading=\"lazy\" decoding=\"async\" class=\"alignnone size-large wp-image-6251\" src=\"http:\/\/sindesvdf.com.br\/news\/wp-content\/uploads\/2016\/08\/Paraliza\u00e7\u00e3o-790x415.png\" alt=\"Paraliza\u00e7\u00e3o\" width=\"790\" height=\"415\" srcset=\"https:\/\/sindesvdf.com.br\/news\/wp-content\/uploads\/2016\/08\/Paraliza\u00e7\u00e3o-790x415.png 790w, https:\/\/sindesvdf.com.br\/news\/wp-content\/uploads\/2016\/08\/Paraliza\u00e7\u00e3o-300x158.png 300w, https:\/\/sindesvdf.com.br\/news\/wp-content\/uploads\/2016\/08\/Paraliza\u00e7\u00e3o-768x404.png 768w, https:\/\/sindesvdf.com.br\/news\/wp-content\/uploads\/2016\/08\/Paraliza\u00e7\u00e3o.png 980w\" sizes=\"auto, (max-width: 790px) 100vw, 790px\" \/><\/h3>\n<h3 style=\"text-align: center;\"><strong>Se a AVAL n\u00e3o pagar hoje, 10\/08, os sal\u00e1rios dos vigilantes que prestam servi\u00e7o no IBAMA Sede \u00e9 paralisa\u00e7\u00e3o a partir de amanh\u00e3, 11\/08<\/strong><\/h3>\n<div>A Empresa Aval, que pertence \u00e0 mesma fam\u00edlia dos donos da Ipanema n\u00e3o pagou os sal\u00e1rios de seus empregados que prestam servi\u00e7o no IBAMA Sede. Diante desse calote e tamanho desrespeito aos vigilantes que t\u00eam contas a pagar e sustentar suas fam\u00edlias, o Sindicato dos Vigilantes do DF encaminhou of\u00edcio ao \u00f3rg\u00e3o alertando que, caso o pagamento n\u00e3o esteja na conta dos vigilantes at\u00e9 as 18 horas de hoje, 10\/08, iniciaremos a paralisa\u00e7\u00e3o das atividades no IBAMA a partir de amanh\u00e3, 11\/08 e s\u00f3 retornaremos ao trabalho com o pagamento dos sal\u00e1rios.<u><\/u><u><\/u><\/div>\n<div><\/div>\n<div dir=\"ltr\">Desde j\u00e1 conclamamos todos os vigilantes para se prepararem para a paralisa\u00e7\u00e3o. N\u00e3o vamos dar tr\u00e9gua aos caloteiros.<\/div>\n<p class=\"wpf_wrapper\"><a class=\"print_link\" href=\"\" target=\"_blank\">Preparar para impress\u00e3o<\/a><\/p><!-- .wpf_wrapper -->","protected":false},"excerpt":{"rendered":"<p>Se a AVAL n\u00e3o pagar hoje, 10\/08, os sal\u00e1rios dos vigilantes que prestam servi\u00e7o no IBAMA Sede \u00e9 paralisa\u00e7\u00e3o a&hellip; <\/p>\n","protected":false},"author":1,"featured_media":0,"comment_status":"closed","ping_status":"closed","sticky":false,"template":"","format":"standard","meta":{"footnotes":""},"categories":[],"tags":[],"class_list":["post-6248","post","type-post","status-publish","format-standard","hentry"],"jetpack_featured_media_url":"","_links":{"self":[{"href":"https:\/\/sindesvdf.com.br\/news\/wp-json\/wp\/v2\/posts\/6248","targetHints":{"allow":["GET"]}}],"collection":[{"href":"https:\/\/sindesvdf.com.br\/news\/wp-json\/wp\/v2\/posts"}],"about":[{"href":"https:\/\/sindesvdf.com.br\/news\/wp-json\/wp\/v2\/types\/post"}],"author":[{"embeddable":true,"href":"https:\/\/sindesvdf.com.br\/news\/wp-json\/wp\/v2\/users\/1"}],"replies":[{"embeddable":true,"href":"https:\/\/sindesvdf.com.br\/news\/wp-json\/wp\/v2\/comments?post=6248"}],"version-history":[{"count":5,"href":"https:\/\/sindesvdf.com.br\/news\/wp-json\/wp\/v2\/posts\/6248\/revisions"}],"predecessor-version":[{"id":6255,"href":"https:\/\/sindesvdf.com.br\/news\/wp-json\/wp\/v2\/posts\/6248\/revisions\/6255"}],"wp:attachment":[{"href":"https:\/\/sindesvdf.com.br\/news\/wp-json\/wp\/v2\/media?parent=6248"}],"wp:term":[{"taxonomy":"category","embeddable":true,"href":"https:\/\/sindesvdf.com.br\/news\/wp-json\/wp\/v2\/categories?post=6248"},{"taxonomy":"post_tag","embeddable":true,"href":"https:\/\/sindesvdf.com.br\/news\/wp-json\/wp\/v2\/tags?post=6248"}],"curies":[{"name":"wp","href":"https:\/\/api.w.org\/{rel}","templated":true}]}}