{"id":6256,"date":"2016-08-10T17:17:22","date_gmt":"2016-08-10T20:17:22","guid":{"rendered":"http:\/\/sindesvdf.com.br\/news\/?p=6256"},"modified":"2016-08-10T17:17:22","modified_gmt":"2016-08-10T20:17:22","slug":"sindesv-df-x-mistral","status":"publish","type":"post","link":"https:\/\/sindesvdf.com.br\/news\/sindesv-df-x-mistral\/","title":{"rendered":"SINDESV-DF x Mistral"},"content":{"rendered":"<p><img loading=\"lazy\" decoding=\"async\" class=\"alignnone size-large wp-image-6257 aligncenter\" src=\"http:\/\/sindesvdf.com.br\/news\/wp-content\/uploads\/2016\/08\/Sindesv-x-Mistral-790x405.png\" alt=\"Sindesv x Mistral\" width=\"790\" height=\"405\" srcset=\"https:\/\/sindesvdf.com.br\/news\/wp-content\/uploads\/2016\/08\/Sindesv-x-Mistral-790x405.png 790w, https:\/\/sindesvdf.com.br\/news\/wp-content\/uploads\/2016\/08\/Sindesv-x-Mistral-300x154.png 300w, https:\/\/sindesvdf.com.br\/news\/wp-content\/uploads\/2016\/08\/Sindesv-x-Mistral-768x393.png 768w, https:\/\/sindesvdf.com.br\/news\/wp-content\/uploads\/2016\/08\/Sindesv-x-Mistral.png 953w\" sizes=\"auto, (max-width: 790px) 100vw, 790px\" \/><\/p>\n<h3 style=\"text-align: center;\">A\u00e7\u00e3o contra a Mistral para cobrar o pagamento de verbas rescis\u00f3rias dos Vigilantes que prestam servi\u00e7o na Academia de Pol\u00edcia Federal<\/h3>\n<p>O Sindicato dos Vigilantes do DF conclama todos os trabalhadores que eram da empresa Mistral e prestam servi\u00e7o na Academia de Pol\u00edcia Federal para comparecerem o mais r\u00e1pido poss\u00edvel ao Sindicato e trazer a documenta\u00e7\u00e3o necess\u00e1ria para nossa assessoria jur\u00eddica ingressar com a\u00e7\u00e3o na Justi\u00e7a para cobrar o pagamento das verbas rescis\u00f3rias.<br \/>\nVamos \u00e0 Justi\u00e7a do Trabalho cobrar tudo o que a Empresa Mistral deve aos vigilantes. N\u00e3o aceitaremos calote nos direitos dos trabalhadores.<\/p>\n<p style=\"text-align: center;\"><strong>Documenta\u00e7\u00e3o necess\u00e1ria para o ingresso com a\u00e7\u00e3o na Justi\u00e7a:<\/strong><br \/>\n<strong>C\u00f3pias<\/strong><\/p>\n<ul>\n<li>C\u00e9dula de Identidade (RG)<\/li>\n<li>CPF<\/li>\n<li>Comprovante de Resid\u00eancia (que conste o N\u00b0 do CEP)<\/li>\n<li>\u00daltimos 3 Contra Cheques<em>\u00a0(obs: se n\u00e3o tiver trazer alguns do ano corrente)<\/em><\/li>\n<li>Extrato Anal\u00edtico Atualizado (<em>retirar junto \u00e0 caixa)<\/em><\/li>\n<li>Carteira de Trabalho<em> (p\u00e1gina da foto, atr\u00e1s da foto e contrato de trabalho)<\/em><\/li>\n<li>\u00a0PIS<\/li>\n<li>\u00a0TRCT <em>(se for o caso)<\/em><\/li>\n<\/ul>\n<p style=\"text-align: center;\"><strong>Documenta\u00e7\u00e3o emitida pelo Sindicato<\/strong><\/p>\n<ul>\n<li>Procura\u00e7\u00e3o<em> (Pegar no sindicato e ir ao cart\u00f3rio fazer o reconhecimento de firma)<\/em><br \/>\n<em>OBS: A procura\u00e7\u00e3o s\u00f3 ser\u00e1 emitida com todas as c\u00f3pias acima relacionadas<\/em><\/li>\n<li>Declara\u00e7\u00e3o de Hipossufici\u00eancia Financeira<\/li>\n<\/ul>\n<hr \/>\n<p style=\"text-align: center;\"><strong><em>OBS: Documenta\u00e7\u00e3o com pend\u00eancia n\u00e3o ser\u00e1 recebida.<\/em><\/strong><\/p>\n<p class=\"wpf_wrapper\"><a class=\"print_link\" href=\"\" target=\"_blank\">Preparar para impress\u00e3o<\/a><\/p><!-- .wpf_wrapper -->","protected":false},"excerpt":{"rendered":"<p>A\u00e7\u00e3o contra a Mistral para cobrar o pagamento de verbas rescis\u00f3rias dos Vigilantes que prestam servi\u00e7o na Academia de Pol\u00edcia&hellip; <\/p>\n","protected":false},"author":1,"featured_media":0,"comment_status":"closed","ping_status":"closed","sticky":false,"template":"","format":"standard","meta":{"footnotes":""},"categories":[],"tags":[],"class_list":["post-6256","post","type-post","status-publish","format-standard","hentry"],"jetpack_featured_media_url":"","_links":{"self":[{"href":"https:\/\/sindesvdf.com.br\/news\/wp-json\/wp\/v2\/posts\/6256","targetHints":{"allow":["GET"]}}],"collection":[{"href":"https:\/\/sindesvdf.com.br\/news\/wp-json\/wp\/v2\/posts"}],"about":[{"href":"https:\/\/sindesvdf.com.br\/news\/wp-json\/wp\/v2\/types\/post"}],"author":[{"embeddable":true,"href":"https:\/\/sindesvdf.com.br\/news\/wp-json\/wp\/v2\/users\/1"}],"replies":[{"embeddable":true,"href":"https:\/\/sindesvdf.com.br\/news\/wp-json\/wp\/v2\/comments?post=6256"}],"version-history":[{"count":1,"href":"https:\/\/sindesvdf.com.br\/news\/wp-json\/wp\/v2\/posts\/6256\/revisions"}],"predecessor-version":[{"id":6258,"href":"https:\/\/sindesvdf.com.br\/news\/wp-json\/wp\/v2\/posts\/6256\/revisions\/6258"}],"wp:attachment":[{"href":"https:\/\/sindesvdf.com.br\/news\/wp-json\/wp\/v2\/media?parent=6256"}],"wp:term":[{"taxonomy":"category","embeddable":true,"href":"https:\/\/sindesvdf.com.br\/news\/wp-json\/wp\/v2\/categories?post=6256"},{"taxonomy":"post_tag","embeddable":true,"href":"https:\/\/sindesvdf.com.br\/news\/wp-json\/wp\/v2\/tags?post=6256"}],"curies":[{"name":"wp","href":"https:\/\/api.w.org\/{rel}","templated":true}]}}