{"id":6287,"date":"2016-08-16T15:43:07","date_gmt":"2016-08-16T18:43:07","guid":{"rendered":"http:\/\/sindesvdf.com.br\/news\/?p=6287"},"modified":"2016-08-16T15:52:00","modified_gmt":"2016-08-16T18:52:00","slug":"ministro-do-meio-ambiente-suspende-demissoes-de-vigilantes","status":"publish","type":"post","link":"https:\/\/sindesvdf.com.br\/news\/ministro-do-meio-ambiente-suspende-demissoes-de-vigilantes\/","title":{"rendered":"Ministro do Meio Ambiente suspende demiss\u00f5es de vigilantes"},"content":{"rendered":"<p style=\"text-align: center;\"><img loading=\"lazy\" decoding=\"async\" class=\"alignnone wp-image-6286 size-large\" src=\"http:\/\/sindesvdf.com.br\/news\/wp-content\/uploads\/2016\/08\/Alines2-790x444.jpg\" alt=\"Alines2\" width=\"790\" height=\"444\" srcset=\"https:\/\/sindesvdf.com.br\/news\/wp-content\/uploads\/2016\/08\/Alines2-790x444.jpg 790w, https:\/\/sindesvdf.com.br\/news\/wp-content\/uploads\/2016\/08\/Alines2-300x169.jpg 300w, https:\/\/sindesvdf.com.br\/news\/wp-content\/uploads\/2016\/08\/Alines2-768x432.jpg 768w, https:\/\/sindesvdf.com.br\/news\/wp-content\/uploads\/2016\/08\/Alines2-678x381.jpg 678w, https:\/\/sindesvdf.com.br\/news\/wp-content\/uploads\/2016\/08\/Alines2.jpg 900w\" sizes=\"auto, (max-width: 790px) 100vw, 790px\" \/><\/p>\n<p>O deputado Chico Vigilante participou na tarde da segunda-feira (15\/08\/2016) de uma reuni\u00e3o com o ministro do Meio Ambiente, Sarney Filho, para tratar das demiss\u00f5es de 37 vigilantes femininas que prestam servi\u00e7o para o \u00f3rg\u00e3o. Muitas est\u00e3o perto de se aposentar, mas est\u00e3o amea\u00e7adas de perder os postos de trabalho.<\/p>\n<p>A reuni\u00e3o tamb\u00e9m foi acompanhada pelo vice presidente do Sindicato dos Vigilantes, Paulo Quadros e pelo diretor jur\u00eddico do sindicato, Regivaldo Nascimento, al\u00e9m de um grupo de secret\u00e1rias e copeiras terceirizadas, que j\u00e1 foram demitidas.<\/p>\n<p>Sarney Filho garantiu que suspenderia as demiss\u00f5es das vigilantes. Em rela\u00e7\u00e3o \u00e0s secret\u00e1rias e copeiras demitidas sem justa causa no \u00faltimo m\u00eas de junho, o ministro lamentou o ocorrido e garantiu que empenhar\u00e1 esfor\u00e7os na readmiss\u00e3o de todas.<\/p>\n<p><em>\u201cAcompanharei de perto a situa\u00e7\u00e3o destas trabalhadoras e vou priorizar a volta \u00a0aos postos de trabalho ou para outras \u00e1reas aqui dentro do Minist\u00e9rio\u201d<\/em>, prometeu o Sarney Filho.<\/p>\n<p>Chico Vigilante refor\u00e7ou a necessidade das mulheres em permanecer empregadas. <em>\u201cA maioria delas s\u00e3o m\u00e3es de fam\u00edlia e cuida dos seus filhos sozinhas. N\u00e3o podem ficar desempregadas. Sa\u00ed da reuni\u00e3o esperan\u00e7oso e com a garantia de que estas mulheres retornar\u00e3o aos postos de trabalho\u201d<\/em>, refor\u00e7ou o deputado.<\/p>\n<p><strong>Entenda<\/strong><\/p>\n<p>No total, 20 trabalhadoras perderam o emprego.\u00a0 Na semana passada o grupo de trabalhadoras procurou o deputado Chico Vigilante para pedir a interfer\u00eancia junto ao ministro para tentar reverter as demiss\u00f5es.<\/p>\n<p style=\"text-align: right;\"><strong><em>Fonte: <a href=\"http:\/\/www.chicovigilante.com.br\/ministro-do-meio-ambiente-suspende-demissoes-de-vigilantes\/\">Chico Vigilante<\/a><\/em><\/strong><\/p>\n<p class=\"wpf_wrapper\"><a class=\"print_link\" href=\"\" target=\"_blank\">Preparar para impress\u00e3o<\/a><\/p><!-- .wpf_wrapper -->","protected":false},"excerpt":{"rendered":"<p>O deputado Chico Vigilante participou na tarde da segunda-feira (15\/08\/2016) de uma reuni\u00e3o com o ministro do Meio Ambiente, Sarney&hellip; <\/p>\n","protected":false},"author":1,"featured_media":0,"comment_status":"closed","ping_status":"closed","sticky":false,"template":"","format":"standard","meta":{"footnotes":""},"categories":[7],"tags":[],"class_list":["post-6287","post","type-post","status-publish","format-standard","hentry","category-noticias"],"jetpack_featured_media_url":"","_links":{"self":[{"href":"https:\/\/sindesvdf.com.br\/news\/wp-json\/wp\/v2\/posts\/6287","targetHints":{"allow":["GET"]}}],"collection":[{"href":"https:\/\/sindesvdf.com.br\/news\/wp-json\/wp\/v2\/posts"}],"about":[{"href":"https:\/\/sindesvdf.com.br\/news\/wp-json\/wp\/v2\/types\/post"}],"author":[{"embeddable":true,"href":"https:\/\/sindesvdf.com.br\/news\/wp-json\/wp\/v2\/users\/1"}],"replies":[{"embeddable":true,"href":"https:\/\/sindesvdf.com.br\/news\/wp-json\/wp\/v2\/comments?post=6287"}],"version-history":[{"count":1,"href":"https:\/\/sindesvdf.com.br\/news\/wp-json\/wp\/v2\/posts\/6287\/revisions"}],"predecessor-version":[{"id":6288,"href":"https:\/\/sindesvdf.com.br\/news\/wp-json\/wp\/v2\/posts\/6287\/revisions\/6288"}],"wp:attachment":[{"href":"https:\/\/sindesvdf.com.br\/news\/wp-json\/wp\/v2\/media?parent=6287"}],"wp:term":[{"taxonomy":"category","embeddable":true,"href":"https:\/\/sindesvdf.com.br\/news\/wp-json\/wp\/v2\/categories?post=6287"},{"taxonomy":"post_tag","embeddable":true,"href":"https:\/\/sindesvdf.com.br\/news\/wp-json\/wp\/v2\/tags?post=6287"}],"curies":[{"name":"wp","href":"https:\/\/api.w.org\/{rel}","templated":true}]}}