{"id":6289,"date":"2016-08-16T15:50:46","date_gmt":"2016-08-16T18:50:46","guid":{"rendered":"http:\/\/sindesvdf.com.br\/news\/?p=6289"},"modified":"2016-08-16T15:50:46","modified_gmt":"2016-08-16T18:50:46","slug":"organizacoes-sociais-na-saude-do-df-trara-ameacas-ao-emprego-dos-vigilantes","status":"publish","type":"post","link":"https:\/\/sindesvdf.com.br\/news\/organizacoes-sociais-na-saude-do-df-trara-ameacas-ao-emprego-dos-vigilantes\/","title":{"rendered":"Organiza\u00e7\u00f5es Sociais na Sa\u00fade do DF trar\u00e1 amea\u00e7as ao emprego dos vigilantes"},"content":{"rendered":"<p><img loading=\"lazy\" decoding=\"async\" class=\"wp-image-6290 size-large aligncenter\" src=\"http:\/\/sindesvdf.com.br\/news\/wp-content\/uploads\/2016\/08\/imagem_materia-790x524.jpg\" alt=\"imagem_materia\" width=\"790\" height=\"524\" srcset=\"https:\/\/sindesvdf.com.br\/news\/wp-content\/uploads\/2016\/08\/imagem_materia-790x524.jpg 790w, https:\/\/sindesvdf.com.br\/news\/wp-content\/uploads\/2016\/08\/imagem_materia-300x199.jpg 300w, https:\/\/sindesvdf.com.br\/news\/wp-content\/uploads\/2016\/08\/imagem_materia-768x509.jpg 768w, https:\/\/sindesvdf.com.br\/news\/wp-content\/uploads\/2016\/08\/imagem_materia.jpg 860w\" sizes=\"auto, (max-width: 790px) 100vw, 790px\" \/><\/p>\n<p><span style=\"font-size: 20px;\">O Sindicato dos Vigilantes convida toda a categoria, principalmente aqueles e aquelas que prestam servi\u00e7o nos postos da Secretaria de Sa\u00fade do DF para participarem da audi\u00eancia p\u00fablica na C\u00e2mara Legislativa para debater as OS\u2019s \u2013 Organiza\u00e7\u00f5es Sociais na Sa\u00fade (Hospitais, Upas e Postos de Sa\u00fade). A proposta da audi\u00eancia p\u00fablica \u00e9 do deputado Chico Vigilante com o objetivo de convocar toda a sociedade, servidores e terceirizados \u00e0 luta para barrar esse modelo de gest\u00e3o que Rollemberg quer implantar, com s\u00e9rios riscos a diversos segmentos de trabalhadores do setor, inclusive os vigilantes. \u00c9 fundamental que todos e todas participem.<\/span><\/p>\n<p style=\"text-align: center;\"><span style=\"font-size: 20px;\"><strong>A audi\u00eancia ser\u00e1 dia 18\/08 \u2013 quinta-feira \u2013 \u00e0s 15h na C\u00e2mara Legislativa do Distrito Federal.<\/strong><\/span><\/p>\n<hr \/>\n<p>Saiba mais:<\/p>\n<h3><strong><em>CLDF DEBATER\u00c1 GEST\u00c3O DE ORGANIZA\u00c7\u00d5ES SOCIAIS NA SA\u00daDE DO DF<\/em><\/strong><\/h3>\n<p><em>Por iniciativa do deputado distrital Chico Vigilante, a implanta\u00e7\u00e3o de Organiza\u00e7\u00f5es Sociais (OS\u2019s) na rede p\u00fablica de sa\u00fade ser\u00e1 debatida na C\u00e2mara Legislativa mais uma vez. A comiss\u00e3o geral ser\u00e1 na pr\u00f3xima quarta-feira (18), \u00e0s 15h, com presen\u00e7a de representantes do GDF, dos servidores da sa\u00fade e da sociedade civil.<\/em><\/p>\n<p><em>O projeto de lei 1186\/2016, de autoria do poder Executivo, causa pol\u00eamica principalmente entre os servidores. Eles alegam que n\u00e3o foram ouvidos em nenhum momento pelo GDF sobre a proposta de \u201cprivatiza\u00e7\u00e3o da sa\u00fade no DF\u201d.<\/em><\/p>\n<p><em>Assim que tomou posse, em janeiro de 2011, o governador Rodrigo Rollemberg defendeu a ideia de implanta\u00e7\u00e3o dos modelos de Organiza\u00e7\u00f5es Sociais para gerir as Unidades de sa\u00fade p\u00fablica. Desde o primeiro momento, o deputado Chico Vigilante tamb\u00e9m se posicionou contra o projeto audacioso do governo.<\/em><\/p>\n<p><em>Para ele, em todos os estados onde as OS\u2019s foram implantadas deram preju\u00edzos para a gest\u00e3o p\u00fablica. \u201cAqui em Bras\u00edlia tamb\u00e9m j\u00e1 tivemos essa experi\u00eancia quando o ent\u00e3o governador Jos\u00e9 Roberto Arruda passou a organiza\u00e7\u00e3o Sociedade Real Espanhola para gerenciar o Hospital de Santa Maria. O modelo n\u00e3o deu certo e acarretou preju\u00edzos para o GDF\u201d, justifica Vigilante.<\/em><\/p>\n<p><em>Diversas entidades se mostraram contr\u00e1rias, entre elas est\u00e3o: o Sindicato dos Empregados em Estabelecimentos de Sa\u00fade, Sindicato dos M\u00e9dicos, o Conselho de Sa\u00fade, o Conselho de Enfermagem e Sindicato dos Auxiliares e T\u00e9cnicos em Enfermagem.<\/em><\/p>\n<p style=\"text-align: right;\"><strong><em>Fonte: <a href=\"http:\/\/www.chicovigilante.com.br\/cldf-debatera-gestao-de-organizacoes-sociais-na-saude-do-df\/\">Chico Vigilante<\/a><\/em><\/strong><\/p>\n<p class=\"wpf_wrapper\"><a class=\"print_link\" href=\"\" target=\"_blank\">Preparar para impress\u00e3o<\/a><\/p><!-- .wpf_wrapper -->","protected":false},"excerpt":{"rendered":"<p>O Sindicato dos Vigilantes convida toda a categoria, principalmente aqueles e aquelas que prestam servi\u00e7o nos postos da Secretaria de&hellip; <\/p>\n","protected":false},"author":1,"featured_media":0,"comment_status":"closed","ping_status":"closed","sticky":false,"template":"","format":"standard","meta":{"footnotes":""},"categories":[7],"tags":[],"class_list":["post-6289","post","type-post","status-publish","format-standard","hentry","category-noticias"],"jetpack_featured_media_url":"","_links":{"self":[{"href":"https:\/\/sindesvdf.com.br\/news\/wp-json\/wp\/v2\/posts\/6289","targetHints":{"allow":["GET"]}}],"collection":[{"href":"https:\/\/sindesvdf.com.br\/news\/wp-json\/wp\/v2\/posts"}],"about":[{"href":"https:\/\/sindesvdf.com.br\/news\/wp-json\/wp\/v2\/types\/post"}],"author":[{"embeddable":true,"href":"https:\/\/sindesvdf.com.br\/news\/wp-json\/wp\/v2\/users\/1"}],"replies":[{"embeddable":true,"href":"https:\/\/sindesvdf.com.br\/news\/wp-json\/wp\/v2\/comments?post=6289"}],"version-history":[{"count":3,"href":"https:\/\/sindesvdf.com.br\/news\/wp-json\/wp\/v2\/posts\/6289\/revisions"}],"predecessor-version":[{"id":6293,"href":"https:\/\/sindesvdf.com.br\/news\/wp-json\/wp\/v2\/posts\/6289\/revisions\/6293"}],"wp:attachment":[{"href":"https:\/\/sindesvdf.com.br\/news\/wp-json\/wp\/v2\/media?parent=6289"}],"wp:term":[{"taxonomy":"category","embeddable":true,"href":"https:\/\/sindesvdf.com.br\/news\/wp-json\/wp\/v2\/categories?post=6289"},{"taxonomy":"post_tag","embeddable":true,"href":"https:\/\/sindesvdf.com.br\/news\/wp-json\/wp\/v2\/tags?post=6289"}],"curies":[{"name":"wp","href":"https:\/\/api.w.org\/{rel}","templated":true}]}}