{"id":6297,"date":"2016-08-23T08:55:32","date_gmt":"2016-08-23T11:55:32","guid":{"rendered":"http:\/\/sindesvdf.com.br\/news\/?p=6297"},"modified":"2016-08-23T13:34:43","modified_gmt":"2016-08-23T16:34:43","slug":"licitacao-para-contratar-vigilantes-esta-perto-de-ser-concretizada","status":"publish","type":"post","link":"https:\/\/sindesvdf.com.br\/news\/licitacao-para-contratar-vigilantes-esta-perto-de-ser-concretizada\/","title":{"rendered":"Licita\u00e7\u00e3o para contratar servi\u00e7os de vigil\u00e2ncia privada est\u00e1 perto de ser concretizada."},"content":{"rendered":"<figure id=\"attachment_6298\" aria-describedby=\"caption-attachment-6298\" style=\"width: 790px\" class=\"wp-caption aligncenter\"><img loading=\"lazy\" decoding=\"async\" class=\"wp-image-6298 size-large\" src=\"http:\/\/sindesvdf.com.br\/news\/wp-content\/uploads\/2016\/08\/WhatsApp-Image-2016-08-22-at-20.53.51-790x444.jpeg\" alt=\"WhatsApp Image 2016-08-22 at 20.53.51\" width=\"790\" height=\"444\" srcset=\"https:\/\/sindesvdf.com.br\/news\/wp-content\/uploads\/2016\/08\/WhatsApp-Image-2016-08-22-at-20.53.51-790x444.jpeg 790w, https:\/\/sindesvdf.com.br\/news\/wp-content\/uploads\/2016\/08\/WhatsApp-Image-2016-08-22-at-20.53.51-300x169.jpeg 300w, https:\/\/sindesvdf.com.br\/news\/wp-content\/uploads\/2016\/08\/WhatsApp-Image-2016-08-22-at-20.53.51-768x432.jpeg 768w, https:\/\/sindesvdf.com.br\/news\/wp-content\/uploads\/2016\/08\/WhatsApp-Image-2016-08-22-at-20.53.51-678x381.jpeg 678w, https:\/\/sindesvdf.com.br\/news\/wp-content\/uploads\/2016\/08\/WhatsApp-Image-2016-08-22-at-20.53.51.jpeg 1280w\" sizes=\"auto, (max-width: 790px) 100vw, 790px\" \/><figcaption id=\"caption-attachment-6298\" class=\"wp-caption-text\">Secret\u00e1rio Geral SINDESV-DF &#8211; Mois\u00e9s Consola\u00e7\u00e3o; Conselheiro TCDF &#8211; In\u00e1cio Magalh\u00e3es; Dep. Distrital &#8211; Chico Vigilante; Vice-presidente SINDESV-DF &#8211; Paulo Quadros; Diretor Jur\u00eddico SINDESV-DF &#8211; Regivaldo Nascimento<\/figcaption><\/figure>\n<p>O processo para libera\u00e7\u00e3o da licita\u00e7\u00e3o que renovar\u00e1 o contrato de empresas de vigil\u00e2ncia privada com o GDF est\u00e1 perto de ser conclu\u00eddo no Tribunal de Contas do DF (TCDF). Foi o que garantiu o presidente do TCDF, Renato Rainha e o conselheiro In\u00e1cio Magalh\u00e3es. Este \u00faltimo pediu vista do processo que est\u00e1 em julgamento no \u00f3rg\u00e3o.<\/p>\n<p>Na tarde desta segunda-feira (22\/08), o deputado distrital Chico Vigilante (PT ), acompanhado do vice-presidente do Sindicato dos Vigilantes do DF (SINDESV-DF), Paulo Quadros, do diretor geral Mois\u00e9s Consola\u00e7\u00e3o e do diretor jur\u00eddico Regivaldo Nascimento, esteve reunido com os conselheiros na tentativa de agilizar a liberaliza\u00e7\u00e3o do processo licitat\u00f3rio.<\/p>\n<figure id=\"attachment_6300\" aria-describedby=\"caption-attachment-6300\" style=\"width: 450px\" class=\"wp-caption alignright\"><img loading=\"lazy\" decoding=\"async\" class=\"wp-image-6300\" src=\"http:\/\/sindesvdf.com.br\/news\/wp-content\/uploads\/2016\/08\/WhatsApp-Image-2016-08-22-at-20.53.53-300x169.jpeg\" alt=\"WhatsApp Image 2016-08-22 at 20.53.53\" width=\"450\" height=\"253\" srcset=\"https:\/\/sindesvdf.com.br\/news\/wp-content\/uploads\/2016\/08\/WhatsApp-Image-2016-08-22-at-20.53.53-300x169.jpeg 300w, https:\/\/sindesvdf.com.br\/news\/wp-content\/uploads\/2016\/08\/WhatsApp-Image-2016-08-22-at-20.53.53-768x432.jpeg 768w, https:\/\/sindesvdf.com.br\/news\/wp-content\/uploads\/2016\/08\/WhatsApp-Image-2016-08-22-at-20.53.53-790x444.jpeg 790w, https:\/\/sindesvdf.com.br\/news\/wp-content\/uploads\/2016\/08\/WhatsApp-Image-2016-08-22-at-20.53.53-678x381.jpeg 678w, https:\/\/sindesvdf.com.br\/news\/wp-content\/uploads\/2016\/08\/WhatsApp-Image-2016-08-22-at-20.53.53.jpeg 1280w\" sizes=\"auto, (max-width: 450px) 100vw, 450px\" \/><figcaption id=\"caption-attachment-6300\" class=\"wp-caption-text\">Reuni\u00e3o com o conselheiro do TCDF, In\u00e1cio Magalh\u00e3es<\/figcaption><\/figure>\n<p>In\u00e1cio garantiu que at\u00e9 a primeira quinzena do m\u00eas de setembro concluir\u00e1 o seu voto. Ele explicou que pediu vista no andamento do certame por entender<em> \u201cque o processo continha alguns itens que n\u00e3o atendiam a conven\u00e7\u00e3o coletiva da categoria, como a mem\u00f3ria de c\u00e1lculos, adicional noturno e o pagamento de intrajornada e hora-extra\u201d.<\/em><\/p>\n<figure id=\"attachment_6299\" aria-describedby=\"caption-attachment-6299\" style=\"width: 450px\" class=\"wp-caption alignleft\"><img loading=\"lazy\" decoding=\"async\" class=\"wp-image-6299\" src=\"http:\/\/sindesvdf.com.br\/news\/wp-content\/uploads\/2016\/08\/WhatsApp-Image-2016-08-22-at-20.53.52-300x169.jpeg\" alt=\"WhatsApp Image 2016-08-22 at 20.53.52\" width=\"450\" height=\"253\" srcset=\"https:\/\/sindesvdf.com.br\/news\/wp-content\/uploads\/2016\/08\/WhatsApp-Image-2016-08-22-at-20.53.52-300x169.jpeg 300w, https:\/\/sindesvdf.com.br\/news\/wp-content\/uploads\/2016\/08\/WhatsApp-Image-2016-08-22-at-20.53.52-768x432.jpeg 768w, https:\/\/sindesvdf.com.br\/news\/wp-content\/uploads\/2016\/08\/WhatsApp-Image-2016-08-22-at-20.53.52-790x444.jpeg 790w, https:\/\/sindesvdf.com.br\/news\/wp-content\/uploads\/2016\/08\/WhatsApp-Image-2016-08-22-at-20.53.52-678x381.jpeg 678w, https:\/\/sindesvdf.com.br\/news\/wp-content\/uploads\/2016\/08\/WhatsApp-Image-2016-08-22-at-20.53.52.jpeg 1280w\" sizes=\"auto, (max-width: 450px) 100vw, 450px\" \/><figcaption id=\"caption-attachment-6299\" class=\"wp-caption-text\">Reuni\u00e3o com o presidente do TCDF, Renato Rainha<\/figcaption><\/figure>\n<p>Rainha garantiu ao parlamentar que colocar\u00e1 na pauta de vota\u00e7\u00e3o do\u00a0TCDF assim que o relator do processo, o conselheiro M\u00e1rcio Michel, concluir o parecer. Em meados do m\u00eas de maio, o conselheiro Michel suspendeu o andamento do certame por entender que os trabalhadores ter\u00e3o perdas se a licita\u00e7\u00e3o for feita nos moldes que o edital prev\u00ea.<\/p>\n<p>Para Vigilante a agilidade no andamento do processo \u00e9 de extrema urg\u00eancia, uma vez que muitas empresas prestadoras de servi\u00e7o de seguran\u00e7a est\u00e3o com os contratos vencidos e sem a possibilidade de aditivos. Al\u00e9m disso, os trabalhadores est\u00e3o com medo de perder o emprego.<\/p>\n<p>Vigilante explica que a licita\u00e7\u00e3o ir\u00e1 democratizar a presta\u00e7\u00e3o de servi\u00e7o da seguran\u00e7a privada e reduzir os custos em at\u00e9 R$ 50 milh\u00f5es por ano.<em> \u201cMuitas empresas est\u00e3o com contrato emergencial. Hoje, apenas cinco empresas de vigil\u00e2ncia prestam servi\u00e7o para todo o GDF. A nova licita\u00e7\u00e3o est\u00e1 dividida em 15 lotes\u201d<\/em>, explicou o parlamentar.<\/p>\n<p>Em conversa com Renato Rainha e In\u00e1cio Magalh\u00e3es, Vigilante demonstrou sua preocupa\u00e7\u00e3o com a demiss\u00e3o dos trabalhadores. Enquanto a licita\u00e7\u00e3o n\u00e3o acontece, cerca de mil vigilantes que prestavam servi\u00e7o ao GDF est\u00e3o sem emprego.<\/p>\n<p><em>\u201cCom a licita\u00e7\u00e3o n\u00e3o haver\u00e1 mais esse risco e os trabalhadores ter\u00e3o tranquilidade em continuar suas atividades, j\u00e1 que ela vai garantir a manuten\u00e7\u00e3o dos empregos e ainda diminuir o custo para o GDF\u201d<\/em>, disse Vigilante.<\/p>\n<h3>A licita\u00e7\u00e3o<\/h3>\n<p>De acordo com o GDF, ser\u00e3o <em>&#8220;contratados&#8221;<\/em> 7.410 trabalhadores para fazer a seguran\u00e7a do patrim\u00f4nio. Do total de postos, 2.381 atender\u00e3o \u00e0 Secretaria de Planejamento, Or\u00e7amento e Gest\u00e3o (SEPLAG) e outros 64 \u00f3rg\u00e3os de governo. A Secretaria de Sa\u00fade do Distrito Federal (SESDF), que est\u00e1 sem contrato, passar\u00e1 a contar com 1.324 trabalhadores. Os vigilantes ficar\u00e3o distribu\u00eddos em mais de 800 endere\u00e7os em todo o DF.\u2060\u2060\u2060\u2060<\/p>\n<p>O Sindicato esclarece que o GDF deu a entender que se abririam 7.410 novas vagas, mas n\u00e3o \u00e9 bem assim.\u00a0A grande maioria desses que ser\u00e3o<em> &#8220;contratados&#8221; <\/em>j\u00e1 se encontram trabalhando e, conforme a cl\u00e1usula de continuidade da nossa CCT, dever\u00e3o passar para a empresa que ganhar a licita\u00e7\u00e3o do respectivo posto\u00a0onde o vigilante presta servi\u00e7o.<\/p>\n<p class=\"wpf_wrapper\"><a class=\"print_link\" href=\"\" target=\"_blank\">Preparar para impress\u00e3o<\/a><\/p><!-- .wpf_wrapper -->","protected":false},"excerpt":{"rendered":"<p>O processo para libera\u00e7\u00e3o da licita\u00e7\u00e3o que renovar\u00e1 o contrato de empresas de vigil\u00e2ncia privada com o GDF est\u00e1 perto&hellip; <\/p>\n","protected":false},"author":1,"featured_media":0,"comment_status":"closed","ping_status":"closed","sticky":false,"template":"","format":"standard","meta":{"footnotes":""},"categories":[7],"tags":[],"class_list":["post-6297","post","type-post","status-publish","format-standard","hentry","category-noticias"],"jetpack_featured_media_url":"","_links":{"self":[{"href":"https:\/\/sindesvdf.com.br\/news\/wp-json\/wp\/v2\/posts\/6297","targetHints":{"allow":["GET"]}}],"collection":[{"href":"https:\/\/sindesvdf.com.br\/news\/wp-json\/wp\/v2\/posts"}],"about":[{"href":"https:\/\/sindesvdf.com.br\/news\/wp-json\/wp\/v2\/types\/post"}],"author":[{"embeddable":true,"href":"https:\/\/sindesvdf.com.br\/news\/wp-json\/wp\/v2\/users\/1"}],"replies":[{"embeddable":true,"href":"https:\/\/sindesvdf.com.br\/news\/wp-json\/wp\/v2\/comments?post=6297"}],"version-history":[{"count":11,"href":"https:\/\/sindesvdf.com.br\/news\/wp-json\/wp\/v2\/posts\/6297\/revisions"}],"predecessor-version":[{"id":6312,"href":"https:\/\/sindesvdf.com.br\/news\/wp-json\/wp\/v2\/posts\/6297\/revisions\/6312"}],"wp:attachment":[{"href":"https:\/\/sindesvdf.com.br\/news\/wp-json\/wp\/v2\/media?parent=6297"}],"wp:term":[{"taxonomy":"category","embeddable":true,"href":"https:\/\/sindesvdf.com.br\/news\/wp-json\/wp\/v2\/categories?post=6297"},{"taxonomy":"post_tag","embeddable":true,"href":"https:\/\/sindesvdf.com.br\/news\/wp-json\/wp\/v2\/tags?post=6297"}],"curies":[{"name":"wp","href":"https:\/\/api.w.org\/{rel}","templated":true}]}}