{"id":6320,"date":"2016-08-29T15:54:35","date_gmt":"2016-08-29T18:54:35","guid":{"rendered":"http:\/\/sindesvdf.com.br\/news\/?p=6320"},"modified":"2016-08-29T16:23:49","modified_gmt":"2016-08-29T19:23:49","slug":"nota-de-esclarecimento-do-sindesv-df-sobre-o-plano-de-saude","status":"publish","type":"post","link":"https:\/\/sindesvdf.com.br\/news\/nota-de-esclarecimento-do-sindesv-df-sobre-o-plano-de-saude\/","title":{"rendered":"Nota de esclarecimento do SINDESV-DF sobre o Plano de Sa\u00fade"},"content":{"rendered":"<p><img loading=\"lazy\" decoding=\"async\" class=\"alignnone size-large wp-image-6321 aligncenter\" src=\"http:\/\/sindesvdf.com.br\/news\/wp-content\/uploads\/2016\/08\/Sindesv-esclarece-790x405.png\" alt=\"Sindesv esclarece\" width=\"790\" height=\"405\" srcset=\"https:\/\/sindesvdf.com.br\/news\/wp-content\/uploads\/2016\/08\/Sindesv-esclarece-790x405.png 790w, https:\/\/sindesvdf.com.br\/news\/wp-content\/uploads\/2016\/08\/Sindesv-esclarece-300x154.png 300w, https:\/\/sindesvdf.com.br\/news\/wp-content\/uploads\/2016\/08\/Sindesv-esclarece-768x393.png 768w, https:\/\/sindesvdf.com.br\/news\/wp-content\/uploads\/2016\/08\/Sindesv-esclarece.png 953w\" sizes=\"auto, (max-width: 790px) 100vw, 790px\" \/><\/p>\n<p>O Sindicato dos Vigilantes do DF esclarece\u00a0a toda a categoria que a PAME \u2013 Associa\u00e7\u00e3o de Assist\u00eancia Plena em Sa\u00fade, operadora que atende nossos associados, teve um desentendimento com a IBBCA 2008 \u2013 Gest\u00e3o em Sa\u00fade e por conta dessa falha entre as duas empresas, <strong>a qual n\u00e3o temos nenhuma\u00a0responsabilidade<\/strong>,\u00a0 este Sindicato foi acusado pela PAME de estar inadimplente em rela\u00e7\u00e3o do pagamento dos usu\u00e1rios. Tal fato \u00e9 absolutamente inver\u00eddico e estamos provando que o pagamento das mensalidades est\u00e1 rigorosamente em dia, portanto, n\u00e3o h\u00e1 qualquer justificativa para a PAME desestabilizar o atendimento aos usu\u00e1rios do Plano de Sa\u00fade.<u><\/u><u><\/u><\/p>\n<p>Este Sindicato entrou na Justi\u00e7a e foi expedida liminar que est\u00e1 chegando aos hospitais e cl\u00ednicas da rede de atendimento da PAME para que restabele\u00e7am o atendimento imediato.<\/p>\n<p>O Sindicato tamb\u00e9m informa que a Ag\u00eancia Nacional de Sa\u00fade (ANS) determina que todas as operadoras de Plano de Sa\u00fade obrigatoriamente devem ter uma empresa administrando o Plano de Sa\u00fade e no nosso caso, quem administra o mesmo \u00e9 a IBBCA 2008 Gest\u00e3o em Sa\u00fade Ltda.<\/p>\n<figure id=\"attachment_6326\" aria-describedby=\"caption-attachment-6326\" style=\"width: 790px\" class=\"wp-caption aligncenter\"><img loading=\"lazy\" decoding=\"async\" class=\"wp-image-6326\" src=\"http:\/\/sindesvdf.com.br\/news\/wp-content\/uploads\/2016\/08\/LIMINAR-481x790.png\" alt=\"LIMINAR\" width=\"790\" height=\"1298\" srcset=\"https:\/\/sindesvdf.com.br\/news\/wp-content\/uploads\/2016\/08\/LIMINAR-481x790.png 481w, https:\/\/sindesvdf.com.br\/news\/wp-content\/uploads\/2016\/08\/LIMINAR-183x300.png 183w, https:\/\/sindesvdf.com.br\/news\/wp-content\/uploads\/2016\/08\/LIMINAR-768x1262.png 768w, https:\/\/sindesvdf.com.br\/news\/wp-content\/uploads\/2016\/08\/LIMINAR.png 1360w\" sizes=\"auto, (max-width: 790px) 100vw, 790px\" \/><figcaption id=\"caption-attachment-6326\" class=\"wp-caption-text\">Liminar<\/figcaption><\/figure>\n<p class=\"wpf_wrapper\"><a class=\"print_link\" href=\"\" target=\"_blank\">Preparar para impress\u00e3o<\/a><\/p><!-- .wpf_wrapper -->","protected":false},"excerpt":{"rendered":"<p>O Sindicato dos Vigilantes do DF esclarece\u00a0a toda a categoria que a PAME \u2013 Associa\u00e7\u00e3o de Assist\u00eancia Plena em Sa\u00fade,&hellip; <\/p>\n","protected":false},"author":1,"featured_media":0,"comment_status":"closed","ping_status":"closed","sticky":false,"template":"","format":"standard","meta":{"footnotes":""},"categories":[7],"tags":[],"class_list":["post-6320","post","type-post","status-publish","format-standard","hentry","category-noticias"],"jetpack_featured_media_url":"","_links":{"self":[{"href":"https:\/\/sindesvdf.com.br\/news\/wp-json\/wp\/v2\/posts\/6320","targetHints":{"allow":["GET"]}}],"collection":[{"href":"https:\/\/sindesvdf.com.br\/news\/wp-json\/wp\/v2\/posts"}],"about":[{"href":"https:\/\/sindesvdf.com.br\/news\/wp-json\/wp\/v2\/types\/post"}],"author":[{"embeddable":true,"href":"https:\/\/sindesvdf.com.br\/news\/wp-json\/wp\/v2\/users\/1"}],"replies":[{"embeddable":true,"href":"https:\/\/sindesvdf.com.br\/news\/wp-json\/wp\/v2\/comments?post=6320"}],"version-history":[{"count":3,"href":"https:\/\/sindesvdf.com.br\/news\/wp-json\/wp\/v2\/posts\/6320\/revisions"}],"predecessor-version":[{"id":6328,"href":"https:\/\/sindesvdf.com.br\/news\/wp-json\/wp\/v2\/posts\/6320\/revisions\/6328"}],"wp:attachment":[{"href":"https:\/\/sindesvdf.com.br\/news\/wp-json\/wp\/v2\/media?parent=6320"}],"wp:term":[{"taxonomy":"category","embeddable":true,"href":"https:\/\/sindesvdf.com.br\/news\/wp-json\/wp\/v2\/categories?post=6320"},{"taxonomy":"post_tag","embeddable":true,"href":"https:\/\/sindesvdf.com.br\/news\/wp-json\/wp\/v2\/tags?post=6320"}],"curies":[{"name":"wp","href":"https:\/\/api.w.org\/{rel}","templated":true}]}}