{"id":6336,"date":"2016-09-01T16:26:17","date_gmt":"2016-09-01T19:26:17","guid":{"rendered":"http:\/\/sindesvdf.com.br\/news\/?p=6336"},"modified":"2016-09-01T17:28:21","modified_gmt":"2016-09-01T20:28:21","slug":"gdf-sinaliza-com-mais-reducao-na-secretaria-de-saude","status":"publish","type":"post","link":"https:\/\/sindesvdf.com.br\/news\/gdf-sinaliza-com-mais-reducao-na-secretaria-de-saude\/","title":{"rendered":"GDF sinaliza com mais redu\u00e7\u00e3o na Secretaria de Sa\u00fade"},"content":{"rendered":"<h3 style=\"text-align: center;\"><b>Aten\u00e7\u00e3o Vigilantes que prestam servi\u00e7o na Secretaria de Sa\u00fade (Hospitais, Upas, Postos e Centros de Sa\u00fade) do DF<\/b><\/h3>\n<div><img loading=\"lazy\" decoding=\"async\" class=\"size-full wp-image-6337 aligncenter\" src=\"http:\/\/sindesvdf.com.br\/news\/wp-content\/uploads\/2016\/09\/Foto-hospital.jpg\" alt=\"Foto hospital\" width=\"460\" height=\"305\" srcset=\"https:\/\/sindesvdf.com.br\/news\/wp-content\/uploads\/2016\/09\/Foto-hospital.jpg 460w, https:\/\/sindesvdf.com.br\/news\/wp-content\/uploads\/2016\/09\/Foto-hospital-300x199.jpg 300w\" sizes=\"auto, (max-width: 460px) 100vw, 460px\" \/><\/div>\n<div>O Sindicato dos Vigilantes alerta a categoria, principalmente os vigilantes que prestam servi\u00e7o na Secretaria de Sa\u00fade que o GDF est\u00e1 com a inten\u00e7\u00e3o de reduzir em at\u00e9 25% as condi\u00e7\u00f5es contratuais nas \u00e1reas de seguran\u00e7a privada e limpeza. Isto significa simplesmente demiss\u00e3o de trabalhador.<u><\/u><u><\/u><\/div>\n<div><\/div>\n<div>O Sindicato j\u00e1 est\u00e1 na luta para defender o emprego e encaminhou correspond\u00eancia diretamente ao governador Rollemberg alertando que essa medida, al\u00e9m de colocar em risco o patrim\u00f4nio e a vida de usu\u00e1rios e funcion\u00e1rios da sa\u00fade, tamb\u00e9m tem graves consequ\u00eancias na quest\u00e3o social com o desemprego de pais e m\u00e3es de fam\u00edlia.<u><\/u><u><\/u><\/div>\n<div><\/div>\n<div><b><em>Veja a seguir\u00a0o teor do of\u00edcio enviado ao governador:<\/em><u><\/u><\/b><\/div>\n<div><u><\/u>\u00a0<u><\/u><\/div>\n<div>Bras\u00edlia, DF, 1\u00ba de setembro de 2016.<u><\/u><u><\/u><\/div>\n<div><u><\/u>\u00a0<u><\/u><\/div>\n<div>Excelent\u00edssimo Senhor,<u><\/u><u><\/u><\/div>\n<div>Rodrigo Rollemberg<u><\/u><u><\/u><\/div>\n<div>DD. Governador do Distrito Federal<u><\/u><u><\/u><\/div>\n<div><u><\/u>\u00a0<u><\/u><\/div>\n<div>Excelent\u00edssimo Senhor Governador,<u><\/u><u><\/u><\/div>\n<div><u><\/u>\u00a0<u><\/u><\/div>\n<div>\u00c9 com grande preocupa\u00e7\u00e3o que o Sindicato dos Vigilantes no Distrito Federal se dirige \u00e0 V. Ex\u00aa para tratar de quest\u00f5es cruciais para a garantia da seguran\u00e7a das unidades da Secretaria de Sa\u00fade do DF.<u><\/u><u><\/u><\/div>\n<div><\/div>\n<div>Temos informa\u00e7\u00f5es que o Diretor de Apoio Operacional\/COINFRA\/SULIS\/SES, senhor George Luiz Costa Carvalho, encaminhou correspond\u00eancia aos diretores de Empresas de Seguran\u00e7a Privada e tamb\u00e9m aos diretores de Empresas de Asseios e Conserva\u00e7\u00e3o convocando uma reuni\u00e3o, a pedido do Subsecret\u00e1rio de Log\u00edstica e Infraestrutura da Sa\u00fade, para tratar de \u201csupress\u00e3o de at\u00e9 25% das condi\u00e7\u00f5es contratuais e esclarecer o andamento do procedimento licitat\u00f3rio de Limpeza e Vigil\u00e2ncia\u201d, conforme consta no referido documento.<u><\/u><u><\/u><\/div>\n<div><\/div>\n<div>Senhor Governador, a \u00e1rea da Sa\u00fade do Distrito Federal j\u00e1 vem trabalhando com d\u00e9ficit de seguran\u00e7a privada, situa\u00e7\u00e3o essa que tem causado in\u00fameros conflitos, colocando em risco a seguran\u00e7a de pacientes, m\u00e9dicos e demais funcion\u00e1rios. \u00c9 um setor que exige uma vigil\u00e2ncia constante e permanente para defender o patrim\u00f4nio e as vidas que circulam em hospitais, Upas, Centros e Postos de Sa\u00fade. Trabalho esse exercido pelos vigilantes com maestria, profissionalismo e compromisso e em in\u00fameras ocasi\u00f5es os profissionais de sa\u00fade, principalmente os m\u00e9dicos, j\u00e1 se pronunciaram sobre a import\u00e2ncia dos vigilantes nas unidades de Sa\u00fade e mais, da impossibilidade de trabalhar sem esses profissionais ou com n\u00famero reduzido deles. Portanto, senhor Governador, n\u00e3o \u00e9 uma suposi\u00e7\u00e3o, \u00e9 uma realidade amparada na mais absoluta verdade dos fatos.<u><\/u><u><\/u><\/div>\n<div><\/div>\n<div>Nesse sentido, vimos apelar a V. Ex\u00aa para rever essa inten\u00e7\u00e3o, pois temos certeza que se tal fato se concretizar, estar\u00e1 instalado o caos nas unidades de Sa\u00fade. Sem falar da quest\u00e3o social que tal medida provocaria com a demiss\u00e3o de centenas de pais e m\u00e3es de fam\u00edlia e que soa, neste momento, como uma imensa crueldade, pois al\u00e9m de desempregar, coloca a popula\u00e7\u00e3o usu\u00e1ria do sistema e profissionais de sa\u00fade em situa\u00e7\u00e3o de risco.<u><\/u><u><\/u><\/div>\n<div><\/div>\n<div>Temos a convic\u00e7\u00e3o que V. Ex\u00aa, imbu\u00eddo dos nobres prop\u00f3sitos de governar para os setores mais fragilizados da sociedade, que contam com o Estado para a garantia de sua cidadania, usar\u00e1 de toda a sensibilidade que o cargo requer para a n\u00e3o concretiza\u00e7\u00e3o dessa medida de redu\u00e7\u00e3o do quadro de vigil\u00e2ncia na Secretaria de Sa\u00fade.<u><\/u><u><\/u><\/div>\n<div>Colocamo-nos \u00e0 disposi\u00e7\u00e3o de V. Ex\u00aa para quaisquer esclarecimentos acerca do assunto, principalmente para buscar uma solu\u00e7\u00e3o que preserve o emprego dos trabalhadores de seguran\u00e7a privada da Secretaria de Sa\u00fade do DF e demais terceirizados.<u><\/u><u><\/u><\/div>\n<div><\/div>\n<div>Ao ensejo desta, apresentamos a V. Ex\u00aa nossas sauda\u00e7\u00f5es respeitosas.<u><\/u><u><\/u><\/div>\n<div><u><\/u>\u00a0<u><\/u><\/div>\n<div>Atenciosamente,<u><\/u><u><\/u><\/div>\n<div><u><\/u>\u00a0<u><\/u><\/div>\n<div style=\"text-align: center;\">Jervalino Rodrigues Bispo<u><\/u><u><\/u><\/div>\n<div style=\"text-align: center;\">Presidente<\/div>\n<p class=\"wpf_wrapper\"><a class=\"print_link\" href=\"\" target=\"_blank\">Preparar para impress\u00e3o<\/a><\/p><!-- .wpf_wrapper -->","protected":false},"excerpt":{"rendered":"<p>Aten\u00e7\u00e3o Vigilantes que prestam servi\u00e7o na Secretaria de Sa\u00fade (Hospitais, Upas, Postos e Centros de Sa\u00fade) do DF O Sindicato&hellip; <\/p>\n","protected":false},"author":1,"featured_media":0,"comment_status":"closed","ping_status":"closed","sticky":false,"template":"","format":"standard","meta":{"footnotes":""},"categories":[7],"tags":[],"class_list":["post-6336","post","type-post","status-publish","format-standard","hentry","category-noticias"],"jetpack_featured_media_url":"","_links":{"self":[{"href":"https:\/\/sindesvdf.com.br\/news\/wp-json\/wp\/v2\/posts\/6336","targetHints":{"allow":["GET"]}}],"collection":[{"href":"https:\/\/sindesvdf.com.br\/news\/wp-json\/wp\/v2\/posts"}],"about":[{"href":"https:\/\/sindesvdf.com.br\/news\/wp-json\/wp\/v2\/types\/post"}],"author":[{"embeddable":true,"href":"https:\/\/sindesvdf.com.br\/news\/wp-json\/wp\/v2\/users\/1"}],"replies":[{"embeddable":true,"href":"https:\/\/sindesvdf.com.br\/news\/wp-json\/wp\/v2\/comments?post=6336"}],"version-history":[{"count":2,"href":"https:\/\/sindesvdf.com.br\/news\/wp-json\/wp\/v2\/posts\/6336\/revisions"}],"predecessor-version":[{"id":6339,"href":"https:\/\/sindesvdf.com.br\/news\/wp-json\/wp\/v2\/posts\/6336\/revisions\/6339"}],"wp:attachment":[{"href":"https:\/\/sindesvdf.com.br\/news\/wp-json\/wp\/v2\/media?parent=6336"}],"wp:term":[{"taxonomy":"category","embeddable":true,"href":"https:\/\/sindesvdf.com.br\/news\/wp-json\/wp\/v2\/categories?post=6336"},{"taxonomy":"post_tag","embeddable":true,"href":"https:\/\/sindesvdf.com.br\/news\/wp-json\/wp\/v2\/tags?post=6336"}],"curies":[{"name":"wp","href":"https:\/\/api.w.org\/{rel}","templated":true}]}}