{"id":6612,"date":"2016-10-26T10:16:27","date_gmt":"2016-10-26T12:16:27","guid":{"rendered":"http:\/\/sindesvdf.com.br\/news\/?p=6612"},"modified":"2016-10-26T16:54:04","modified_gmt":"2016-10-26T18:54:04","slug":"brasfort-apela-com-varios-recursos-para-nao-pagar-o-que-deve-aos-vigilantes","status":"publish","type":"post","link":"https:\/\/sindesvdf.com.br\/news\/brasfort-apela-com-varios-recursos-para-nao-pagar-o-que-deve-aos-vigilantes\/","title":{"rendered":"Brasfort apela com v\u00e1rios recursos para n\u00e3o pagar o que deve aos vigilantes"},"content":{"rendered":"<p>[mks_col][mks_one_half]<img loading=\"lazy\" decoding=\"async\" class=\"wp-image-6618  alignleft\" src=\"http:\/\/sindesvdf.com.br\/news\/wp-content\/uploads\/2016\/10\/14633093_611527839019439_8438833935840677637_n-300x300.png\" alt=\"14633093_611527839019439_8438833935840677637_n\" width=\"326\" height=\"326\" srcset=\"https:\/\/sindesvdf.com.br\/news\/wp-content\/uploads\/2016\/10\/14633093_611527839019439_8438833935840677637_n-300x300.png 300w, https:\/\/sindesvdf.com.br\/news\/wp-content\/uploads\/2016\/10\/14633093_611527839019439_8438833935840677637_n-150x150.png 150w, https:\/\/sindesvdf.com.br\/news\/wp-content\/uploads\/2016\/10\/14633093_611527839019439_8438833935840677637_n-768x768.png 768w, https:\/\/sindesvdf.com.br\/news\/wp-content\/uploads\/2016\/10\/14633093_611527839019439_8438833935840677637_n-790x790.png 790w, https:\/\/sindesvdf.com.br\/news\/wp-content\/uploads\/2016\/10\/14633093_611527839019439_8438833935840677637_n.png 960w\" sizes=\"auto, (max-width: 326px) 100vw, 326px\" \/>[\/mks_one_half]<br \/>\n[mks_one_half]<br \/>\n<span id=\"m_6036680670791284252yui_3_16_0_ym19_1_1477480407456_9289\">Desde 2014 que tramita uma a\u00e7\u00e3o na Justi\u00e7a impetrada pelo Sindicato dos Vigilantes do DF (Sindesv-DF) para a Empresa Brasfort pagar a diferen\u00e7a do Adicional de Risco de Vida sobre as F\u00e9rias e o 13\u00ba Sal\u00e1rio dos vigilantes.<u><\/u><u><\/u><\/span><\/p>\n<p dir=\"ltr\"><span id=\"m_6036680670791284252yui_3_16_0_ym19_1_1477480407456_9292\">A Justi\u00e7a do Trabalho j\u00e1 se pronunciou e deu ganho de causa para os vigilantes, mas a Brasfort vem apresentando v\u00e1rios recursos para adiar o pagamento ou at\u00e9 mesmo para que a Justi\u00e7a mude de parecer sobre uma causa j\u00e1 ganha.<u><\/u><u><\/u><\/span><\/p>\n<p><span id=\"m_6036680670791284252yui_3_16_0_ym19_1_1477480407456_9295\">\u00c9 assim que agem os empres\u00e1rios, em sua grande maioria, sempre tentando tirar direitos de seus empregados e neste caso n\u00e3o poderia ser diferente, ficando claro quem \u00e9 que realmente defende os interesses dos trabalhadores, ou seja, o Sindicato dos Vigilantes e o deputado Chico Vigilante.<br \/>\n<\/span>[\/mks_one_half]<br \/>\n[\/mks_col]<\/p>\n<p>&nbsp;<\/p>\n<p>&nbsp;<\/p>\n<p class=\"wpf_wrapper\"><a class=\"print_link\" href=\"\" target=\"_blank\">Preparar para impress\u00e3o<\/a><\/p><!-- .wpf_wrapper -->","protected":false},"excerpt":{"rendered":"<p>[mks_col][mks_one_half][\/mks_one_half] [mks_one_half] Desde 2014 que tramita uma a\u00e7\u00e3o na Justi\u00e7a impetrada pelo Sindicato dos Vigilantes do DF (Sindesv-DF) para a&hellip; <\/p>\n","protected":false},"author":1,"featured_media":0,"comment_status":"closed","ping_status":"closed","sticky":false,"template":"","format":"standard","meta":{"footnotes":""},"categories":[7],"tags":[],"class_list":["post-6612","post","type-post","status-publish","format-standard","hentry","category-noticias"],"jetpack_featured_media_url":"","_links":{"self":[{"href":"https:\/\/sindesvdf.com.br\/news\/wp-json\/wp\/v2\/posts\/6612","targetHints":{"allow":["GET"]}}],"collection":[{"href":"https:\/\/sindesvdf.com.br\/news\/wp-json\/wp\/v2\/posts"}],"about":[{"href":"https:\/\/sindesvdf.com.br\/news\/wp-json\/wp\/v2\/types\/post"}],"author":[{"embeddable":true,"href":"https:\/\/sindesvdf.com.br\/news\/wp-json\/wp\/v2\/users\/1"}],"replies":[{"embeddable":true,"href":"https:\/\/sindesvdf.com.br\/news\/wp-json\/wp\/v2\/comments?post=6612"}],"version-history":[{"count":5,"href":"https:\/\/sindesvdf.com.br\/news\/wp-json\/wp\/v2\/posts\/6612\/revisions"}],"predecessor-version":[{"id":6620,"href":"https:\/\/sindesvdf.com.br\/news\/wp-json\/wp\/v2\/posts\/6612\/revisions\/6620"}],"wp:attachment":[{"href":"https:\/\/sindesvdf.com.br\/news\/wp-json\/wp\/v2\/media?parent=6612"}],"wp:term":[{"taxonomy":"category","embeddable":true,"href":"https:\/\/sindesvdf.com.br\/news\/wp-json\/wp\/v2\/categories?post=6612"},{"taxonomy":"post_tag","embeddable":true,"href":"https:\/\/sindesvdf.com.br\/news\/wp-json\/wp\/v2\/tags?post=6612"}],"curies":[{"name":"wp","href":"https:\/\/api.w.org\/{rel}","templated":true}]}}