{"id":6621,"date":"2016-10-31T09:59:14","date_gmt":"2016-10-31T11:59:14","guid":{"rendered":"http:\/\/sindesvdf.com.br\/news\/?p=6621"},"modified":"2016-11-09T09:58:05","modified_gmt":"2016-11-09T11:58:05","slug":"vigilantes-tem-nova-operadora-de-plano-de-saude","status":"publish","type":"post","link":"https:\/\/sindesvdf.com.br\/news\/vigilantes-tem-nova-operadora-de-plano-de-saude\/","title":{"rendered":"Vigilantes t\u00eam nova operadora de Plano de Sa\u00fade"},"content":{"rendered":"<p style=\"text-align: center;\"><img loading=\"lazy\" decoding=\"async\" class=\"aligncenter wp-image-6700 size-large\" src=\"http:\/\/sindesvdf.com.br\/news\/wp-content\/uploads\/2016\/10\/Logo-Unimed-Manaus-790x271.png\" alt=\"logo-unimed-manaus\" width=\"790\" height=\"271\" srcset=\"https:\/\/sindesvdf.com.br\/news\/wp-content\/uploads\/2016\/10\/Logo-Unimed-Manaus-790x271.png 790w, https:\/\/sindesvdf.com.br\/news\/wp-content\/uploads\/2016\/10\/Logo-Unimed-Manaus-300x103.png 300w, https:\/\/sindesvdf.com.br\/news\/wp-content\/uploads\/2016\/10\/Logo-Unimed-Manaus-768x263.png 768w, https:\/\/sindesvdf.com.br\/news\/wp-content\/uploads\/2016\/10\/Logo-Unimed-Manaus.png 1063w\" sizes=\"auto, (max-width: 790px) 100vw, 790px\" \/><\/p>\n<p>Sempre buscando trazer o melhor para a categoria, o Sindicato dos Vigilantes conseguiu uma nova operadora de Plano de Sa\u00fade, a <strong>UNIMED Manaus\u00a0<\/strong>com a rede credenciada no DF da<strong> Central Nacional Unimed-CNU<\/strong> e esperamos que possa oferecer um bom atendimento a todos e todas que necessitem. Uma das vantagens \u00e9 que at\u00e9 31\/03\/2017, n\u00e3o ser\u00e1 cobrada a coparticipa\u00e7\u00e3o, al\u00e9m de que teremos uma \u00f3tima rede credenciada.<\/p>\n<p>O Plano de Sa\u00fade \u00e9 um dos mais importantes benef\u00edcios conquistados pelo Sindicato junto com a categoria, foram anos de luta. E gra\u00e7as a ele, muitos vigilantes e\/ou dependentes t\u00eam melhor qualidade de vida e em diversas ocasi\u00f5es tiveram suas vidas salvas gra\u00e7as ao Plano de Sa\u00fade e por n\u00e3o dependerem de setor p\u00fablico, hoje em situa\u00e7\u00e3o ca\u00f3tica e com filas de espera que sequer garante o atendimento.<\/p>\n<p>Por isso, vamos valorizar o nosso Plano de Sa\u00fade, usando com sabedoria e com essa mudan\u00e7a de operadora, pedimos a todos e todas compreens\u00e3o, pois estamos trabalhando para que todas as d\u00favidas sejam esclarecidas o mais r\u00e1pido poss\u00edvel.<\/p>\n<hr \/>\n<p><img loading=\"lazy\" decoding=\"async\" class=\"aligncenter wp-image-6702\" src=\"http:\/\/sindesvdf.com.br\/news\/wp-content\/uploads\/2016\/10\/Carta-de-Transfer\u00eancia-Plano-559x790.png\" alt=\"carta-de-transferencia-plano\" width=\"790\" height=\"1117\" srcset=\"https:\/\/sindesvdf.com.br\/news\/wp-content\/uploads\/2016\/10\/Carta-de-Transfer\u00eancia-Plano-559x790.png 559w, https:\/\/sindesvdf.com.br\/news\/wp-content\/uploads\/2016\/10\/Carta-de-Transfer\u00eancia-Plano-212x300.png 212w, https:\/\/sindesvdf.com.br\/news\/wp-content\/uploads\/2016\/10\/Carta-de-Transfer\u00eancia-Plano-768x1086.png 768w\" sizes=\"auto, (max-width: 790px) 100vw, 790px\" \/><\/p>\n<p>&nbsp;<\/p>\n<p class=\"wpf_wrapper\"><a class=\"print_link\" href=\"\" target=\"_blank\">Preparar para impress\u00e3o<\/a><\/p><!-- .wpf_wrapper -->","protected":false},"excerpt":{"rendered":"<p>Sempre buscando trazer o melhor para a categoria, o Sindicato dos Vigilantes conseguiu uma nova operadora de Plano de Sa\u00fade,&hellip; <\/p>\n","protected":false},"author":1,"featured_media":0,"comment_status":"closed","ping_status":"closed","sticky":false,"template":"","format":"standard","meta":{"footnotes":""},"categories":[7],"tags":[],"class_list":["post-6621","post","type-post","status-publish","format-standard","hentry","category-noticias"],"jetpack_featured_media_url":"","_links":{"self":[{"href":"https:\/\/sindesvdf.com.br\/news\/wp-json\/wp\/v2\/posts\/6621","targetHints":{"allow":["GET"]}}],"collection":[{"href":"https:\/\/sindesvdf.com.br\/news\/wp-json\/wp\/v2\/posts"}],"about":[{"href":"https:\/\/sindesvdf.com.br\/news\/wp-json\/wp\/v2\/types\/post"}],"author":[{"embeddable":true,"href":"https:\/\/sindesvdf.com.br\/news\/wp-json\/wp\/v2\/users\/1"}],"replies":[{"embeddable":true,"href":"https:\/\/sindesvdf.com.br\/news\/wp-json\/wp\/v2\/comments?post=6621"}],"version-history":[{"count":7,"href":"https:\/\/sindesvdf.com.br\/news\/wp-json\/wp\/v2\/posts\/6621\/revisions"}],"predecessor-version":[{"id":6704,"href":"https:\/\/sindesvdf.com.br\/news\/wp-json\/wp\/v2\/posts\/6621\/revisions\/6704"}],"wp:attachment":[{"href":"https:\/\/sindesvdf.com.br\/news\/wp-json\/wp\/v2\/media?parent=6621"}],"wp:term":[{"taxonomy":"category","embeddable":true,"href":"https:\/\/sindesvdf.com.br\/news\/wp-json\/wp\/v2\/categories?post=6621"},{"taxonomy":"post_tag","embeddable":true,"href":"https:\/\/sindesvdf.com.br\/news\/wp-json\/wp\/v2\/tags?post=6621"}],"curies":[{"name":"wp","href":"https:\/\/api.w.org\/{rel}","templated":true}]}}