{"id":6743,"date":"2016-11-18T16:32:28","date_gmt":"2016-11-18T18:32:28","guid":{"rendered":"http:\/\/sindesvdf.com.br\/news\/?p=6743"},"modified":"2016-11-18T16:32:28","modified_gmt":"2016-11-18T18:32:28","slug":"e-violencia-sim","status":"publish","type":"post","link":"https:\/\/sindesvdf.com.br\/news\/e-violencia-sim\/","title":{"rendered":"\u00c9 viol\u00eancia sim!"},"content":{"rendered":"<h2 style=\"text-align: center;\"><em>Ass\u00e9dio moral e sexual contra vigilantes femininas da Ag\u00eancia Nacional de \u00c1gua! <\/em><\/h2>\n<h3><img loading=\"lazy\" decoding=\"async\" class=\"size-large wp-image-6744 aligncenter\" src=\"http:\/\/sindesvdf.com.br\/news\/wp-content\/uploads\/2016\/11\/1-diga-nao-claramente-ao-assediador-cartilha-do-ministerio-do-trabalho-e-emprego-recomenda-que-a-vitima-deixe-bem-claro-que-nao-aceita-a-conduta-do-assediador-1363036220395-790x413.jpg\" alt=\"1-diga-nao-claramente-ao-assediador-cartilha-do-ministerio-do-trabalho-e-emprego-recomenda-que-a-vitima-deixe-bem-claro-que-nao-aceita-a-conduta-do-assediador-1363036220395\" width=\"790\" height=\"413\" srcset=\"https:\/\/sindesvdf.com.br\/news\/wp-content\/uploads\/2016\/11\/1-diga-nao-claramente-ao-assediador-cartilha-do-ministerio-do-trabalho-e-emprego-recomenda-que-a-vitima-deixe-bem-claro-que-nao-aceita-a-conduta-do-assediador-1363036220395-790x413.jpg 790w, https:\/\/sindesvdf.com.br\/news\/wp-content\/uploads\/2016\/11\/1-diga-nao-claramente-ao-assediador-cartilha-do-ministerio-do-trabalho-e-emprego-recomenda-que-a-vitima-deixe-bem-claro-que-nao-aceita-a-conduta-do-assediador-1363036220395-300x157.jpg 300w, https:\/\/sindesvdf.com.br\/news\/wp-content\/uploads\/2016\/11\/1-diga-nao-claramente-ao-assediador-cartilha-do-ministerio-do-trabalho-e-emprego-recomenda-que-a-vitima-deixe-bem-claro-que-nao-aceita-a-conduta-do-assediador-1363036220395-768x402.jpg 768w, https:\/\/sindesvdf.com.br\/news\/wp-content\/uploads\/2016\/11\/1-diga-nao-claramente-ao-assediador-cartilha-do-ministerio-do-trabalho-e-emprego-recomenda-que-a-vitima-deixe-bem-claro-que-nao-aceita-a-conduta-do-assediador-1363036220395.jpg 956w\" sizes=\"auto, (max-width: 790px) 100vw, 790px\" \/><\/h3>\n<h2>Companheiras e companheiros,<br \/>\nVIOL\u00caNCIA CONTRA A MULHER N\u00c3O!<br \/>\nMEXEU COM UMA, MEXEU COM TODAS!<br \/>\nAten\u00e7\u00e3o!<\/h2>\n<p><span style=\"font-size: 18px;\">Trabalhadoras da empresa \u00c1gil Seguran\u00e7a, que prestam servi\u00e7o para a ANA &#8211; Ag\u00eancia Nacional de \u00c1guas v\u00eam sofrendo abuso SEXUAL E MORAL nos \u00faltimos meses, atitude essa que tem gerado grandes transtornos \u00e0s v\u00edtimas.<\/span><\/p>\n<p><span style=\"font-size: 18px;\">Diante da gravidade dos fatos, convocamos todas e todos para juntos darmos uma resposta a esses ataques machistas e sexistas em um <strong>ato que ser\u00e1 realizado no dia 21\/11 (2\u00aa feira), a partir das 5h30, no Setor Policial Sul (depois da ABIN)<\/strong>. Nesta atividade homens e mulheres exigir\u00e3o uma a\u00e7\u00e3o en\u00e9rgica por parte dos respons\u00e1veis, no sentido de combater esse tipo de viol\u00eancia.<\/span><\/p>\n<p><span style=\"font-size: 18px;\">Em nome das mulheres que diariamente sofrem esse tipo de agress\u00e3o \u00e9 que convocamos todos os companheiros e companheiras, para se juntarem a n\u00f3s e manifestarem seu apoio na referida atividade.<\/span><\/p>\n<p><span style=\"font-size: 18px;\">\u00c9 inadmiss\u00edvel que tenhamos de conviver com esses idiotas assediadores, que na verdade mostram que n\u00e3o s\u00e3o homens e sim uns vermes que tentam, atrav\u00e9s do cargo, mostrar que s\u00e3o machos. Vai saber o transtorno psicol\u00f3gico dessas criaturas deprimentes, recalcadas e complexadas. <\/span><\/p>\n<p><span style=\"font-size: 18px;\">O Sindicato j\u00e1 fez den\u00fancia ao Minist\u00e9rio P\u00fablico e a diretoria da Ag\u00eancia Nacional de \u00c1gua foi procurada, mas at\u00e9 o momento n\u00e3o tomou provid\u00eancias. No passado, quando fizemos den\u00fancia semelhante, a dire\u00e7\u00e3o antiga da ANA tomou provid\u00eancias. O Sindicato tamb\u00e9m j\u00e1 conversou com a dire\u00e7\u00e3o da \u00c1GIL Seguran\u00e7a que tem fechado os olhos para a situa\u00e7\u00e3o.<\/span><\/p>\n<p><span style=\"font-size: 18px;\">N\u00e3o aceitaremos essa coniv\u00eancia com o mal feito. Iremos a todas as inst\u00e2ncias denunciar esse crime contra as companheiras.<\/span><\/p>\n<p class=\"wpf_wrapper\"><a class=\"print_link\" href=\"\" target=\"_blank\">Preparar para impress\u00e3o<\/a><\/p><!-- .wpf_wrapper -->","protected":false},"excerpt":{"rendered":"<p>Ass\u00e9dio moral e sexual contra vigilantes femininas da Ag\u00eancia Nacional de \u00c1gua! Companheiras e companheiros, VIOL\u00caNCIA CONTRA A MULHER N\u00c3O!&hellip; <\/p>\n","protected":false},"author":1,"featured_media":0,"comment_status":"closed","ping_status":"closed","sticky":false,"template":"","format":"standard","meta":{"footnotes":""},"categories":[7],"tags":[],"class_list":["post-6743","post","type-post","status-publish","format-standard","hentry","category-noticias"],"jetpack_featured_media_url":"","_links":{"self":[{"href":"https:\/\/sindesvdf.com.br\/news\/wp-json\/wp\/v2\/posts\/6743","targetHints":{"allow":["GET"]}}],"collection":[{"href":"https:\/\/sindesvdf.com.br\/news\/wp-json\/wp\/v2\/posts"}],"about":[{"href":"https:\/\/sindesvdf.com.br\/news\/wp-json\/wp\/v2\/types\/post"}],"author":[{"embeddable":true,"href":"https:\/\/sindesvdf.com.br\/news\/wp-json\/wp\/v2\/users\/1"}],"replies":[{"embeddable":true,"href":"https:\/\/sindesvdf.com.br\/news\/wp-json\/wp\/v2\/comments?post=6743"}],"version-history":[{"count":2,"href":"https:\/\/sindesvdf.com.br\/news\/wp-json\/wp\/v2\/posts\/6743\/revisions"}],"predecessor-version":[{"id":6746,"href":"https:\/\/sindesvdf.com.br\/news\/wp-json\/wp\/v2\/posts\/6743\/revisions\/6746"}],"wp:attachment":[{"href":"https:\/\/sindesvdf.com.br\/news\/wp-json\/wp\/v2\/media?parent=6743"}],"wp:term":[{"taxonomy":"category","embeddable":true,"href":"https:\/\/sindesvdf.com.br\/news\/wp-json\/wp\/v2\/categories?post=6743"},{"taxonomy":"post_tag","embeddable":true,"href":"https:\/\/sindesvdf.com.br\/news\/wp-json\/wp\/v2\/tags?post=6743"}],"curies":[{"name":"wp","href":"https:\/\/api.w.org\/{rel}","templated":true}]}}