{"id":6751,"date":"2016-11-22T15:51:24","date_gmt":"2016-11-22T17:51:24","guid":{"rendered":"http:\/\/sindesvdf.com.br\/news\/?p=6751"},"modified":"2016-11-22T15:51:24","modified_gmt":"2016-11-22T17:51:24","slug":"respeito-as-mulheres","status":"publish","type":"post","link":"https:\/\/sindesvdf.com.br\/news\/respeito-as-mulheres\/","title":{"rendered":"Respeito \u00e0s Mulheres!"},"content":{"rendered":"<h3 style=\"text-align: center;\">Sindesv-DF faz ato de rep\u00fadio a ass\u00e9dio moral e sexual na Ag\u00eancia Nacional de \u00c1guas<\/h3>\n<figure id=\"attachment_6754\" aria-describedby=\"caption-attachment-6754\" style=\"width: 790px\" class=\"wp-caption aligncenter\"><img loading=\"lazy\" decoding=\"async\" class=\"wp-image-6754 size-large\" src=\"http:\/\/sindesvdf.com.br\/news\/wp-content\/uploads\/2016\/11\/Ato-\u00c1gil-ANA_1-790x518.jpg\" alt=\"ato-agil-ana_1\" width=\"790\" height=\"518\" srcset=\"https:\/\/sindesvdf.com.br\/news\/wp-content\/uploads\/2016\/11\/Ato-\u00c1gil-ANA_1-790x518.jpg 790w, https:\/\/sindesvdf.com.br\/news\/wp-content\/uploads\/2016\/11\/Ato-\u00c1gil-ANA_1-300x197.jpg 300w, https:\/\/sindesvdf.com.br\/news\/wp-content\/uploads\/2016\/11\/Ato-\u00c1gil-ANA_1-768x504.jpg 768w, https:\/\/sindesvdf.com.br\/news\/wp-content\/uploads\/2016\/11\/Ato-\u00c1gil-ANA_1.jpg 1417w\" sizes=\"auto, (max-width: 790px) 100vw, 790px\" \/><figcaption id=\"caption-attachment-6754\" class=\"wp-caption-text\">Diretores do Sindesv-DF e da CNTV foram at\u00e9 a ANA para denunciar o ass\u00e9dio sofrido por uma companheira<\/figcaption><\/figure>\n<p>As trabalhadoras que prestam servi\u00e7o na Ag\u00eancia Nacional de \u00c1gua pela empresa \u00c1gil Seguran\u00e7a vinham sofrendo ass\u00e9dio moral e sexual, causando grandes transtornos \u00e0s v\u00edtimas dessa viol\u00eancia. Em resposta o Sindicato dos Vigilantes do DF (Sindesv-DF) realizou um ato de rep\u00fadio na manh\u00e3 do dia 21 de novembro em frente \u00e0 sede do \u00f3rg\u00e3o, no Setor Policial Sul.<br \/>\nDiretores da Confedera\u00e7\u00e3o Nacional dos Vigilantes (CNTV), do Sindesv-DF, da CUT Bras\u00edlia e de v\u00e1rios outros sindicatos estiveram no local para apoiar as v\u00edtimas e denunciar a pr\u00e1tica \u00e0 popula\u00e7\u00e3o e funcion\u00e1rios da ANA.<br \/>\nO caso chegou ao Sindesv-DF na semana anterior. No dia 17\/11, a entidade enviou of\u00edcio \u00e0 ANA, \u00c1gil Seguran\u00e7a e ao Minist\u00e9rio P\u00fablico. No dia seguinte o assediador j\u00e1 foi retirado do local, conforme exig\u00eancia do Sindicato.<br \/>\nSegundo a diretora do Sindicato e secret\u00e1ria de Assuntos de Mulheres da CNTV, Elenilde Ilorca, o ato serviu para deixar claro que esse tipo de pr\u00e1tica n\u00e3o ser\u00e1 aceito.<br \/>\n<em>\u201cMesmo que o assediador j\u00e1 tenha sa\u00eddo decidimos manter o ato para denunciar o ass\u00e9dio moral e sexual. \u00c9 inadmiss\u00edvel que ainda exista ass\u00e9dio moral e sexual nos locais de trabalho. Vamos continuar denunciando, qualquer que seja a empresa e o \u00f3rg\u00e3o. N\u00e3o vamos ficar calados diante de tamanhos abusos\u201d<\/em>, assegurou Elenilde.<br \/>\nO deputado distrital Chico Vigilante (PT\/DF) divulgou uma nota sobre o caso. <em>\u201cRepudio com veem\u00eancia esse tipo de viol\u00eancia praticada por pessoas que se prevalecem de posi\u00e7\u00f5es de chefia para abusarem moral e sexualmente de mulheres nos \u00f3rg\u00e3os p\u00fablicos\u201d<\/em>, escreveu o parlamentar.<br \/>\n<em>\u201cCasos assim s\u00e3o inaceit\u00e1veis em uma sociedade pretensamente democr\u00e1tica e justa, como a brasileira. Informo, ainda, que irei encaminhar essa den\u00fancia grav\u00edssima \u00e0 Delegacia Especial de Apoio \u00e0 Mulher para que seja apurado com o rigor\u201d<\/em>, continuou o deputado.<\/p>\n<figure id=\"attachment_6755\" aria-describedby=\"caption-attachment-6755\" style=\"width: 790px\" class=\"wp-caption aligncenter\"><img loading=\"lazy\" decoding=\"async\" class=\"wp-image-6755 size-large\" src=\"http:\/\/sindesvdf.com.br\/news\/wp-content\/uploads\/2016\/11\/Ato-\u00c1gil-ANA_2-790x437.jpg\" alt=\"ato-agil-ana_2\" width=\"790\" height=\"437\" srcset=\"https:\/\/sindesvdf.com.br\/news\/wp-content\/uploads\/2016\/11\/Ato-\u00c1gil-ANA_2-790x437.jpg 790w, https:\/\/sindesvdf.com.br\/news\/wp-content\/uploads\/2016\/11\/Ato-\u00c1gil-ANA_2-300x166.jpg 300w, https:\/\/sindesvdf.com.br\/news\/wp-content\/uploads\/2016\/11\/Ato-\u00c1gil-ANA_2-768x425.jpg 768w, https:\/\/sindesvdf.com.br\/news\/wp-content\/uploads\/2016\/11\/Ato-\u00c1gil-ANA_2.jpg 1417w\" sizes=\"auto, (max-width: 790px) 100vw, 790px\" \/><figcaption id=\"caption-attachment-6755\" class=\"wp-caption-text\">Mulheres Vigilantes fizeram panfletagem na portaria da ANA denunciando os abusos que vinham ocorrendo no \u00f3rg\u00e3o.<\/figcaption><\/figure>\n<p style=\"text-align: right;\"><span style=\"color: #ff0000;\"><em>Com informa\u00e7\u00f5es da CNTV e Ascom Chico Vigilante<\/em><\/span><\/p>\n<p class=\"wpf_wrapper\"><a class=\"print_link\" href=\"\" target=\"_blank\">Preparar para impress\u00e3o<\/a><\/p><!-- .wpf_wrapper -->","protected":false},"excerpt":{"rendered":"<p>Sindesv-DF faz ato de rep\u00fadio a ass\u00e9dio moral e sexual na Ag\u00eancia Nacional de \u00c1guas As trabalhadoras que prestam servi\u00e7o&hellip; <\/p>\n","protected":false},"author":1,"featured_media":0,"comment_status":"closed","ping_status":"closed","sticky":false,"template":"","format":"standard","meta":{"footnotes":""},"categories":[7],"tags":[],"class_list":["post-6751","post","type-post","status-publish","format-standard","hentry","category-noticias"],"jetpack_featured_media_url":"","_links":{"self":[{"href":"https:\/\/sindesvdf.com.br\/news\/wp-json\/wp\/v2\/posts\/6751","targetHints":{"allow":["GET"]}}],"collection":[{"href":"https:\/\/sindesvdf.com.br\/news\/wp-json\/wp\/v2\/posts"}],"about":[{"href":"https:\/\/sindesvdf.com.br\/news\/wp-json\/wp\/v2\/types\/post"}],"author":[{"embeddable":true,"href":"https:\/\/sindesvdf.com.br\/news\/wp-json\/wp\/v2\/users\/1"}],"replies":[{"embeddable":true,"href":"https:\/\/sindesvdf.com.br\/news\/wp-json\/wp\/v2\/comments?post=6751"}],"version-history":[{"count":2,"href":"https:\/\/sindesvdf.com.br\/news\/wp-json\/wp\/v2\/posts\/6751\/revisions"}],"predecessor-version":[{"id":6757,"href":"https:\/\/sindesvdf.com.br\/news\/wp-json\/wp\/v2\/posts\/6751\/revisions\/6757"}],"wp:attachment":[{"href":"https:\/\/sindesvdf.com.br\/news\/wp-json\/wp\/v2\/media?parent=6751"}],"wp:term":[{"taxonomy":"category","embeddable":true,"href":"https:\/\/sindesvdf.com.br\/news\/wp-json\/wp\/v2\/categories?post=6751"},{"taxonomy":"post_tag","embeddable":true,"href":"https:\/\/sindesvdf.com.br\/news\/wp-json\/wp\/v2\/tags?post=6751"}],"curies":[{"name":"wp","href":"https:\/\/api.w.org\/{rel}","templated":true}]}}