{"id":6764,"date":"2016-11-29T09:15:09","date_gmt":"2016-11-29T11:15:09","guid":{"rendered":"http:\/\/sindesvdf.com.br\/news\/?p=6764"},"modified":"2016-11-29T10:36:46","modified_gmt":"2016-11-29T12:36:46","slug":"dia-do-evangelico-no-df","status":"publish","type":"post","link":"https:\/\/sindesvdf.com.br\/news\/dia-do-evangelico-no-df\/","title":{"rendered":"Dia do Evang\u00e9lico no DF"},"content":{"rendered":"<p style=\"text-align: center;\"><strong>Na pr\u00f3xima quarta-feira (30), \u00e9 celebrado do Dia do Evang\u00e9lico no DF. Por isso, o SINDICATO DOS VIGILANTES DO DF estar\u00e1 fechado.<\/strong><\/p>\n<p><img loading=\"lazy\" decoding=\"async\" class=\"aligncenter wp-image-6765 size-large\" src=\"http:\/\/sindesvdf.com.br\/news\/wp-content\/uploads\/2016\/11\/Feriado-Dia-do-Evang\u00e9lico-790x790.png\" alt=\"feriado-dia-do-evangelico\" width=\"790\" height=\"790\" srcset=\"https:\/\/sindesvdf.com.br\/news\/wp-content\/uploads\/2016\/11\/Feriado-Dia-do-Evang\u00e9lico-790x790.png 790w, https:\/\/sindesvdf.com.br\/news\/wp-content\/uploads\/2016\/11\/Feriado-Dia-do-Evang\u00e9lico-150x150.png 150w, https:\/\/sindesvdf.com.br\/news\/wp-content\/uploads\/2016\/11\/Feriado-Dia-do-Evang\u00e9lico-300x300.png 300w, https:\/\/sindesvdf.com.br\/news\/wp-content\/uploads\/2016\/11\/Feriado-Dia-do-Evang\u00e9lico-768x768.png 768w, https:\/\/sindesvdf.com.br\/news\/wp-content\/uploads\/2016\/11\/Feriado-Dia-do-Evang\u00e9lico.png 960w\" sizes=\"auto, (max-width: 790px) 100vw, 790px\" \/><\/p>\n<p class=\"wpf_wrapper\"><a class=\"print_link\" href=\"\" target=\"_blank\">Preparar para impress\u00e3o<\/a><\/p><!-- .wpf_wrapper -->","protected":false},"excerpt":{"rendered":"<p>Na pr\u00f3xima quarta-feira (30), \u00e9 celebrado do Dia do Evang\u00e9lico no DF. Por isso, o SINDICATO DOS VIGILANTES DO DF&hellip; <\/p>\n","protected":false},"author":1,"featured_media":0,"comment_status":"closed","ping_status":"closed","sticky":false,"template":"","format":"standard","meta":{"footnotes":""},"categories":[7],"tags":[],"class_list":["post-6764","post","type-post","status-publish","format-standard","hentry","category-noticias"],"jetpack_featured_media_url":"","_links":{"self":[{"href":"https:\/\/sindesvdf.com.br\/news\/wp-json\/wp\/v2\/posts\/6764","targetHints":{"allow":["GET"]}}],"collection":[{"href":"https:\/\/sindesvdf.com.br\/news\/wp-json\/wp\/v2\/posts"}],"about":[{"href":"https:\/\/sindesvdf.com.br\/news\/wp-json\/wp\/v2\/types\/post"}],"author":[{"embeddable":true,"href":"https:\/\/sindesvdf.com.br\/news\/wp-json\/wp\/v2\/users\/1"}],"replies":[{"embeddable":true,"href":"https:\/\/sindesvdf.com.br\/news\/wp-json\/wp\/v2\/comments?post=6764"}],"version-history":[{"count":3,"href":"https:\/\/sindesvdf.com.br\/news\/wp-json\/wp\/v2\/posts\/6764\/revisions"}],"predecessor-version":[{"id":6768,"href":"https:\/\/sindesvdf.com.br\/news\/wp-json\/wp\/v2\/posts\/6764\/revisions\/6768"}],"wp:attachment":[{"href":"https:\/\/sindesvdf.com.br\/news\/wp-json\/wp\/v2\/media?parent=6764"}],"wp:term":[{"taxonomy":"category","embeddable":true,"href":"https:\/\/sindesvdf.com.br\/news\/wp-json\/wp\/v2\/categories?post=6764"},{"taxonomy":"post_tag","embeddable":true,"href":"https:\/\/sindesvdf.com.br\/news\/wp-json\/wp\/v2\/tags?post=6764"}],"curies":[{"name":"wp","href":"https:\/\/api.w.org\/{rel}","templated":true}]}}