{"id":6775,"date":"2016-12-06T14:32:25","date_gmt":"2016-12-06T16:32:25","guid":{"rendered":"http:\/\/sindesvdf.com.br\/news\/?p=6775"},"modified":"2019-08-20T16:29:51","modified_gmt":"2019-08-20T19:29:51","slug":"reforma-da-previdencia-e-violenta-cruel-e-maldosa-diz-especialista","status":"publish","type":"post","link":"https:\/\/sindesvdf.com.br\/news\/reforma-da-previdencia-e-violenta-cruel-e-maldosa-diz-especialista\/","title":{"rendered":"Reforma da Previd\u00eancia \u00e9 &#8216;violenta, cruel e maldosa&#8217;, diz especialista"},"content":{"rendered":"<h3 style=\"text-align: center;\">Rem\u00edgio Todeschini, do Instituto de Previd\u00eancia de Santo Andr\u00e9, destaca que a proposta apresentada pelo governo Temer prejudica principalmente os trabalhadores informais e as mulheres<\/h3>\n<p><img loading=\"lazy\" decoding=\"async\" class=\"aligncenter wp-image-6776 size-large\" src=\"http:\/\/sindesvdf.com.br\/news\/wp-content\/uploads\/2016\/12\/charge.latuff.temer_28.06.16-790x523.jpeg\" alt=\"charge-latuff-temer_28-06-16\" width=\"790\" height=\"523\" srcset=\"https:\/\/sindesvdf.com.br\/news\/wp-content\/uploads\/2016\/12\/charge.latuff.temer_28.06.16-790x523.jpeg 790w, https:\/\/sindesvdf.com.br\/news\/wp-content\/uploads\/2016\/12\/charge.latuff.temer_28.06.16-300x199.jpeg 300w, https:\/\/sindesvdf.com.br\/news\/wp-content\/uploads\/2016\/12\/charge.latuff.temer_28.06.16-768x509.jpeg 768w, https:\/\/sindesvdf.com.br\/news\/wp-content\/uploads\/2016\/12\/charge.latuff.temer_28.06.16.jpeg 1280w\" sizes=\"auto, (max-width: 790px) 100vw, 790px\" \/><\/p>\n<p>Para o diretor executivo de Previd\u00eancia de Santo Andr\u00e9, Rem\u00edgio Todeschini, a altera\u00e7\u00e3o no tempo m\u00ednimo de contribui\u00e7\u00e3o de 15 para 25 anos, que consta na proposta de reforma da Previd\u00eancia apresentada no dia 5\/12\u00a0pelo governo Temer, vai prejudicar principalmente os mais pobres, que passar parte da vida na informalidade. <em>&#8220;A primeira avalia\u00e7\u00e3o \u00e9 que a reforma proposta \u00e9 violenta, cruel e maldosa. Na pr\u00e1tica, vai impor para os trabalhadores mais pobres a aposentadoria aos 70 anos.&#8221;<\/em><\/p>\n<p><em>&#8220;\u00c9 bom recordar: no Brasil, 60% dos trabalhadores da ativa, de 14 a 69 anos, contribuem e os outros 40%, n\u00e3o. Na pr\u00e1tica, \u00e9 impor a aposentadoria aos 70 anos, porque esse pessoal n\u00e3o vai conseguir os 25 anos de contribui\u00e7\u00e3o m\u00ednima e vai procurar o benef\u00edcio de presta\u00e7\u00e3o continuada&#8221;<\/em>, afirma Todeschini, que foi\u00a0presidente do Sindicato dos Qu\u00edmicos do ABC, em entrevista \u00e0 R\u00e1dio Brasil Atual.<\/p>\n<p>Outro ponto criticado pelo especialista, que tamb\u00e9m \u00e9 ex-secret\u00e1rio de Pol\u00edticas P\u00fablicas de Emprego do Minist\u00e9rio do Trabalho, \u00e9 a equipara\u00e7\u00e3o entre homens e mulheres. Ele aponta, baseado em estudo do IBGE, que as mulheres com mais de um filho chegam a ter jornada at\u00e9 32% maior, configurando a chamada &#8220;dupla jornada&#8221;, que justifica a diferen\u00e7a nas idades m\u00ednimas nas aposentadorias para homens e mulheres, e que o governo pretende abolir com a reforma.<\/p>\n<p>Sobre a exig\u00eancia de contribui\u00e7\u00e3o para os trabalhadores rurais, Todeschini prev\u00ea <em>&#8220;impacto terr\u00edvel&#8221;<\/em> j\u00e1 que ainda s\u00e3o extremamente mal pagos, e com a implementa\u00e7\u00e3o do encargo, podem ser desestimulados a manterem suas atividades, migrando para as cidades, colocando a seguran\u00e7a alimentar em risco, j\u00e1 que cerca de 70% da produ\u00e7\u00e3o de alimentos \u00e9 realizada por esses trabalhadores.<\/p>\n<p>Por fim, Todeschini afirma que, em pa\u00edses que realizaram reformas do sistema previdenci\u00e1rio, como na It\u00e1lia e na Espanha, a discuss\u00e3o se estendeu por um longo per\u00edodo. Ele contesta tamb\u00e9m a chamada <em>&#8220;farsa do d\u00e9ficit da Previd\u00eancia&#8221;<\/em>, e cita dados divulgados pela Associa\u00e7\u00e3o Nacional dos Auditores Fiscais da Receita Federal do Brasil (Anfip) que mostram que o conjunto da Seguridade Social, historicamente, tem apresentado saldos positivos.<\/p>\n<p>Ou\u00e7a:<\/p>\n<audio class=\"wp-audio-shortcode\" id=\"audio-6775-1\" preload=\"none\" style=\"width: 100%;\" controls=\"controls\"><source type=\"audio\/mpeg\" src=\"http:\/\/sindesvdf.com.br\/news\/wp-content\/uploads\/2016\/12\/0612-ENTREVISTA-REMIGIO-TODESCHINI.mp3?_=1\" \/><a href=\"http:\/\/sindesvdf.com.br\/news\/wp-content\/uploads\/2016\/12\/0612-ENTREVISTA-REMIGIO-TODESCHINI.mp3\">http:\/\/sindesvdf.com.br\/news\/wp-content\/uploads\/2016\/12\/0612-ENTREVISTA-REMIGIO-TODESCHINI.mp3<\/a><\/audio>\n<p style=\"text-align: right;\">\n<p style=\"text-align: right;\"><span style=\"color: #ff0000;\"><em>Fonte: Rede Brasil Atual<\/em><\/span><\/p>\n<p class=\"wpf_wrapper\"><a class=\"print_link\" href=\"\" target=\"_blank\">Preparar para impress\u00e3o<\/a><\/p><!-- .wpf_wrapper -->","protected":false},"excerpt":{"rendered":"<p>Rem\u00edgio Todeschini, do Instituto de Previd\u00eancia de Santo Andr\u00e9, destaca que a proposta apresentada pelo governo Temer prejudica principalmente os&hellip; <\/p>\n","protected":false},"author":1,"featured_media":0,"comment_status":"closed","ping_status":"closed","sticky":false,"template":"","format":"standard","meta":{"footnotes":""},"categories":[112],"tags":[],"class_list":["post-6775","post","type-post","status-publish","format-standard","hentry","category-as-reformas-do-mal"],"jetpack_featured_media_url":"","_links":{"self":[{"href":"https:\/\/sindesvdf.com.br\/news\/wp-json\/wp\/v2\/posts\/6775","targetHints":{"allow":["GET"]}}],"collection":[{"href":"https:\/\/sindesvdf.com.br\/news\/wp-json\/wp\/v2\/posts"}],"about":[{"href":"https:\/\/sindesvdf.com.br\/news\/wp-json\/wp\/v2\/types\/post"}],"author":[{"embeddable":true,"href":"https:\/\/sindesvdf.com.br\/news\/wp-json\/wp\/v2\/users\/1"}],"replies":[{"embeddable":true,"href":"https:\/\/sindesvdf.com.br\/news\/wp-json\/wp\/v2\/comments?post=6775"}],"version-history":[{"count":2,"href":"https:\/\/sindesvdf.com.br\/news\/wp-json\/wp\/v2\/posts\/6775\/revisions"}],"predecessor-version":[{"id":6779,"href":"https:\/\/sindesvdf.com.br\/news\/wp-json\/wp\/v2\/posts\/6775\/revisions\/6779"}],"wp:attachment":[{"href":"https:\/\/sindesvdf.com.br\/news\/wp-json\/wp\/v2\/media?parent=6775"}],"wp:term":[{"taxonomy":"category","embeddable":true,"href":"https:\/\/sindesvdf.com.br\/news\/wp-json\/wp\/v2\/categories?post=6775"},{"taxonomy":"post_tag","embeddable":true,"href":"https:\/\/sindesvdf.com.br\/news\/wp-json\/wp\/v2\/tags?post=6775"}],"curies":[{"name":"wp","href":"https:\/\/api.w.org\/{rel}","templated":true}]}}