{"id":6783,"date":"2016-12-06T23:05:14","date_gmt":"2016-12-07T01:05:14","guid":{"rendered":"http:\/\/sindesvdf.com.br\/news\/?p=6783"},"modified":"2016-12-07T14:01:29","modified_gmt":"2016-12-07T16:01:29","slug":"projeto-que-estabelece-vigilancia-24h-em-bancos-e-aprovado","status":"publish","type":"post","link":"https:\/\/sindesvdf.com.br\/news\/projeto-que-estabelece-vigilancia-24h-em-bancos-e-aprovado\/","title":{"rendered":"Projeto que estabelece vigil\u00e2ncia 24h em bancos \u00e9 aprovado"},"content":{"rendered":"<p><img loading=\"lazy\" decoding=\"async\" class=\"alignleft wp-image-6787 size-full\" src=\"http:\/\/sindesvdf.com.br\/news\/wp-content\/uploads\/2016\/12\/123.jpg\" alt=\"123\" width=\"227\" height=\"340\" srcset=\"https:\/\/sindesvdf.com.br\/news\/wp-content\/uploads\/2016\/12\/123.jpg 227w, https:\/\/sindesvdf.com.br\/news\/wp-content\/uploads\/2016\/12\/123-200x300.jpg 200w\" sizes=\"auto, (max-width: 227px) 100vw, 227px\" \/><\/p>\n<p id=\"m_3809156188113204043yui_3_16_0_ym19_1_1481118743230_23410\"><span id=\"m_3809156188113204043yui_3_16_0_ym19_1_1481118743230_23411\">O plen\u00e1rio da C\u00e2mara Legislativa aprovou, na tarde do dia 06\/12, \u00a0o Projeto de Lei n\u00ba 1120\/2016 que obriga a contrata\u00e7\u00e3o de vigil\u00e2ncia armada 24 horas em ag\u00eancias banc\u00e1rias e cooperativas de cr\u00e9dito. De autoria do deputado Chico Vigilante (PT), o projeto estabelece a vigil\u00e2ncia ininterrupta inclusive aos finais de semana e feriados.<u><\/u><u><\/u><\/span><\/p>\n<p><span id=\"m_3809156188113204043yui_3_16_0_ym19_1_1481118743230_23414\">O descumprimento da lei acarretar\u00e1 em multas di\u00e1rias de R$ 5 mil \u00e0s institui\u00e7\u00f5es banc\u00e1rias, com aplica\u00e7\u00e3o em dobro em caso de reincid\u00eancia.<u><\/u><u><\/u><\/span><\/p>\n<p id=\"m_3809156188113204043yui_3_16_0_ym19_1_1481118743230_23416\"><span id=\"m_3809156188113204043yui_3_16_0_ym19_1_1481118743230_23417\">Pelo projeto, os vigilantes das institui\u00e7\u00f5es banc\u00e1rias dever\u00e3o permanecer no interior das ag\u00eancias, em local seguro. Tamb\u00e9m est\u00e1 determinada a instala\u00e7\u00e3o de um \u201cbot\u00e3o de p\u00e2nico\u201d e telefone para r\u00e1pido acionamento da pol\u00edcia, em caso de sinistro.<u><\/u><u><\/u><\/span><\/p>\n<p id=\"m_3809156188113204043yui_3_16_0_ym19_1_1481118743230_23419\"><span id=\"m_3809156188113204043yui_3_16_0_ym19_1_1481118743230_23420\">De acordo com Vigilante, leis semelhantes est\u00e3o em vigor em Porto Alegre e em diversas cidades ga\u00fachas.<u><\/u><u><\/u><\/span><\/p>\n<p id=\"m_3809156188113204043yui_3_16_0_ym19_1_1481118743230_23422\"><span id=\"m_3809156188113204043yui_3_16_0_ym19_1_1481118743230_23423\">O projeto segue agora para san\u00e7\u00e3o do Governador Rodrigo Rollemberg.<u><\/u><u><\/u><\/span><\/p>\n<p id=\"m_3809156188113204043yui_3_16_0_ym19_1_1481118743230_23425\"><b id=\"m_3809156188113204043yui_3_16_0_ym19_1_1481118743230_23426\"><span id=\"m_3809156188113204043yui_3_16_0_ym19_1_1481118743230_23427\">O SINDESV-DF agradece ao deputado Chico Vigilante<u><\/u><u><\/u><\/span><\/b><\/p>\n<p id=\"m_3809156188113204043yui_3_16_0_ym19_1_1481118743230_23429\"><span id=\"m_3809156188113204043yui_3_16_0_ym19_1_1481118743230_23430\">O Sindicato dos Vigilantes agradece ao deputado Chico Vigilante por mais um projeto que beneficia a categoria, pois se for sancionado pelo governador, criar\u00e1 muitos postos de trabalho em um momento muito importante, uma vez que h\u00e1 desemprego em massa no Brasil e no Distrito Federal.<u><\/u><u><\/u><\/span><\/p>\n<p><span id=\"m_3809156188113204043yui_3_16_0_ym19_1_1481118743230_23433\">Durante a vota\u00e7\u00e3o do projeto, a dire\u00e7\u00e3o do Sindicato esteve presente para pedir aos demais deputados que aprovassem a mat\u00e9ria por ser muito importante para o setor de seguran\u00e7a privada e para a pr\u00f3pria popula\u00e7\u00e3o do DF, que ter\u00e1 mais seguran\u00e7a para frequentar as institui\u00e7\u00f5es financeiras.<\/span><\/p>\n<p style=\"text-align: right;\"><span style=\"color: #ff0000;\"><em>Com informa\u00e7\u00f5es: Site Chico Vigilante<\/em><\/span><\/p>\n<p class=\"wpf_wrapper\"><a class=\"print_link\" href=\"\" target=\"_blank\">Preparar para impress\u00e3o<\/a><\/p><!-- .wpf_wrapper -->","protected":false},"excerpt":{"rendered":"<p>O plen\u00e1rio da C\u00e2mara Legislativa aprovou, na tarde do dia 06\/12, \u00a0o Projeto de Lei n\u00ba 1120\/2016 que obriga a&hellip; <\/p>\n","protected":false},"author":1,"featured_media":0,"comment_status":"closed","ping_status":"closed","sticky":false,"template":"","format":"standard","meta":{"footnotes":""},"categories":[7],"tags":[],"class_list":["post-6783","post","type-post","status-publish","format-standard","hentry","category-noticias"],"jetpack_featured_media_url":"","_links":{"self":[{"href":"https:\/\/sindesvdf.com.br\/news\/wp-json\/wp\/v2\/posts\/6783","targetHints":{"allow":["GET"]}}],"collection":[{"href":"https:\/\/sindesvdf.com.br\/news\/wp-json\/wp\/v2\/posts"}],"about":[{"href":"https:\/\/sindesvdf.com.br\/news\/wp-json\/wp\/v2\/types\/post"}],"author":[{"embeddable":true,"href":"https:\/\/sindesvdf.com.br\/news\/wp-json\/wp\/v2\/users\/1"}],"replies":[{"embeddable":true,"href":"https:\/\/sindesvdf.com.br\/news\/wp-json\/wp\/v2\/comments?post=6783"}],"version-history":[{"count":5,"href":"https:\/\/sindesvdf.com.br\/news\/wp-json\/wp\/v2\/posts\/6783\/revisions"}],"predecessor-version":[{"id":6790,"href":"https:\/\/sindesvdf.com.br\/news\/wp-json\/wp\/v2\/posts\/6783\/revisions\/6790"}],"wp:attachment":[{"href":"https:\/\/sindesvdf.com.br\/news\/wp-json\/wp\/v2\/media?parent=6783"}],"wp:term":[{"taxonomy":"category","embeddable":true,"href":"https:\/\/sindesvdf.com.br\/news\/wp-json\/wp\/v2\/categories?post=6783"},{"taxonomy":"post_tag","embeddable":true,"href":"https:\/\/sindesvdf.com.br\/news\/wp-json\/wp\/v2\/tags?post=6783"}],"curies":[{"name":"wp","href":"https:\/\/api.w.org\/{rel}","templated":true}]}}