{"id":6799,"date":"2016-12-12T09:16:00","date_gmt":"2016-12-12T11:16:00","guid":{"rendered":"http:\/\/sindesvdf.com.br\/news\/?p=6799"},"modified":"2016-12-12T09:19:04","modified_gmt":"2016-12-12T11:19:04","slug":"casa-da-mulher-brasileira-voltara-a-funcionar-depois-de-manifestacao","status":"publish","type":"post","link":"https:\/\/sindesvdf.com.br\/news\/casa-da-mulher-brasileira-voltara-a-funcionar-depois-de-manifestacao\/","title":{"rendered":"Depois de manifesta\u00e7\u00e3o, Casa da Mulher Brasileira voltar\u00e1 a funcionar"},"content":{"rendered":"<p><img loading=\"lazy\" decoding=\"async\" class=\"aligncenter wp-image-6800 size-large\" src=\"http:\/\/sindesvdf.com.br\/news\/wp-content\/uploads\/2016\/12\/Casa-da-mulher-1-790x479.jpg\" width=\"790\" height=\"479\" srcset=\"https:\/\/sindesvdf.com.br\/news\/wp-content\/uploads\/2016\/12\/Casa-da-mulher-1-790x479.jpg 790w, https:\/\/sindesvdf.com.br\/news\/wp-content\/uploads\/2016\/12\/Casa-da-mulher-1-300x182.jpg 300w, https:\/\/sindesvdf.com.br\/news\/wp-content\/uploads\/2016\/12\/Casa-da-mulher-1-768x466.jpg 768w\" sizes=\"auto, (max-width: 790px) 100vw, 790px\" \/><\/p>\n<p>No \u00faltimo dia 6 de dezembro, Dia do La\u00e7o Branco, trabalhadores e trabalhadoras se uniram em um abra\u00e7o coletivo na Casa da Mulher Brasileira, na Asa Norte, em Bras\u00edlia, repudiando a viol\u00eancia contra a mulher.\u00a0 A casa, que estava desativada desde setembro depois de problemas na estrutura, finalmente ser\u00e1 reaberta para o atendimento \u00e0s v\u00edtimas de viol\u00eancia. A previs\u00e3o \u00e9 que dia 13 de dezembro volte a funcionar. Ainda de acordo com a coordena\u00e7\u00e3o da casa, a meta para o pr\u00f3ximo ano \u00e9 que o atendimento seja 24 horas.<\/p>\n<p><img loading=\"lazy\" decoding=\"async\" class=\"alignright wp-image-28132\" src=\"http:\/\/www.cutbrasilia.org.br\/site\/wp-content\/uploads\/2016\/12\/Casa-da-mulher-5-300x199.jpg\" sizes=\"auto, (max-width: 256px) 100vw, 256px\" srcset=\"http:\/\/www.cutbrasilia.org.br\/site\/wp-content\/uploads\/2016\/12\/Casa-da-mulher-5-300x199.jpg 300w, http:\/\/www.cutbrasilia.org.br\/site\/wp-content\/uploads\/2016\/12\/Casa-da-mulher-5-768x511.jpg 768w, http:\/\/www.cutbrasilia.org.br\/site\/wp-content\/uploads\/2016\/12\/Casa-da-mulher-5-1024x681.jpg 1024w, http:\/\/www.cutbrasilia.org.br\/site\/wp-content\/uploads\/2016\/12\/Casa-da-mulher-5-700x465.jpg 700w, http:\/\/www.cutbrasilia.org.br\/site\/wp-content\/uploads\/2016\/12\/Casa-da-mulher-5-100x65.jpg 100w\" alt=\"casa-da-mulher-5\" width=\"256\" height=\"170\" \/><img loading=\"lazy\" decoding=\"async\" class=\"alignright wp-image-28133\" src=\"http:\/\/www.cutbrasilia.org.br\/site\/wp-content\/uploads\/2016\/12\/Casa-da-mulher-3-300x199.jpg\" sizes=\"auto, (max-width: 258px) 100vw, 258px\" srcset=\"http:\/\/www.cutbrasilia.org.br\/site\/wp-content\/uploads\/2016\/12\/Casa-da-mulher-3-300x199.jpg 300w, http:\/\/www.cutbrasilia.org.br\/site\/wp-content\/uploads\/2016\/12\/Casa-da-mulher-3-768x511.jpg 768w, http:\/\/www.cutbrasilia.org.br\/site\/wp-content\/uploads\/2016\/12\/Casa-da-mulher-3-1024x681.jpg 1024w, http:\/\/www.cutbrasilia.org.br\/site\/wp-content\/uploads\/2016\/12\/Casa-da-mulher-3-700x465.jpg 700w, http:\/\/www.cutbrasilia.org.br\/site\/wp-content\/uploads\/2016\/12\/Casa-da-mulher-3-100x65.jpg 100w\" alt=\"casa-da-mulher-3\" width=\"258\" height=\"171\" \/>A campanha faz parte dos <em>\u201c16 dias de ativismo pelo fim da viol\u00eancia contra a mulher\u201d<\/em>, iniciada no \u00faltimo dia 20 de novembro. O Dia do La\u00e7o Branco pretende sensibilizar, envolver e mobilizar todos no engajamento pelo fim da viol\u00eancia contra a mulher. Durante o ato na Casa da Mulher, representantes do sindicato dos banc\u00e1rios, comerci\u00e1rios, vigilantes, servidores do Detran, da educa\u00e7\u00e3o e de outras categorias marcaram presen\u00e7a para repudiar a viol\u00eancia e pedir a volta dos atendimentos.<\/p>\n<p>Para a trabalhadora Josefa Alves da Silva, desde sempre existe viol\u00eancia contra a mulher e ainda \u00e9 preciso que muitas coisas mudem. <em>\u201cHoje, a luta contra a viol\u00eancia contra mulher tem muita visibilidade. A Casa que atende essas v\u00edtimas tamb\u00e9m precisa ser valorizada. Por isso, viemos aqui reivindicar a volta do atendimento\u201d<\/em>, explicou.<\/p>\n<p><img loading=\"lazy\" decoding=\"async\" class=\"alignright wp-image-28134\" src=\"http:\/\/www.cutbrasilia.org.br\/site\/wp-content\/uploads\/2016\/12\/Casa-da-mulher-4-300x199.jpg\" sizes=\"auto, (max-width: 256px) 100vw, 256px\" srcset=\"http:\/\/www.cutbrasilia.org.br\/site\/wp-content\/uploads\/2016\/12\/Casa-da-mulher-4-300x199.jpg 300w, http:\/\/www.cutbrasilia.org.br\/site\/wp-content\/uploads\/2016\/12\/Casa-da-mulher-4-768x511.jpg 768w, http:\/\/www.cutbrasilia.org.br\/site\/wp-content\/uploads\/2016\/12\/Casa-da-mulher-4-1024x681.jpg 1024w, http:\/\/www.cutbrasilia.org.br\/site\/wp-content\/uploads\/2016\/12\/Casa-da-mulher-4-700x465.jpg 700w, http:\/\/www.cutbrasilia.org.br\/site\/wp-content\/uploads\/2016\/12\/Casa-da-mulher-4-100x65.jpg 100w\" alt=\"casa-da-mulher-4\" width=\"256\" height=\"170\" \/><img loading=\"lazy\" decoding=\"async\" class=\"alignright wp-image-28135\" src=\"http:\/\/www.cutbrasilia.org.br\/site\/wp-content\/uploads\/2016\/12\/Casa-da-mulher-2-300x199.jpg\" sizes=\"auto, (max-width: 261px) 100vw, 261px\" srcset=\"http:\/\/www.cutbrasilia.org.br\/site\/wp-content\/uploads\/2016\/12\/Casa-da-mulher-2-300x199.jpg 300w, http:\/\/www.cutbrasilia.org.br\/site\/wp-content\/uploads\/2016\/12\/Casa-da-mulher-2-768x511.jpg 768w, http:\/\/www.cutbrasilia.org.br\/site\/wp-content\/uploads\/2016\/12\/Casa-da-mulher-2-1024x681.jpg 1024w, http:\/\/www.cutbrasilia.org.br\/site\/wp-content\/uploads\/2016\/12\/Casa-da-mulher-2-700x465.jpg 700w, http:\/\/www.cutbrasilia.org.br\/site\/wp-content\/uploads\/2016\/12\/Casa-da-mulher-2-100x65.jpg 100w\" alt=\"casa-da-mulher-2\" width=\"261\" height=\"173\" \/>Inaugurada em junho de 2015 pelo governo Dilma, a Casa da Mulher Brasileira foi desativada no governo golpista de Temer, deixando de atender as v\u00edtimas de viol\u00eancia.\u00a0 O espa\u00e7o de 3.671 m2 divididos em seis blocos\u00a0funcionais, contava com servi\u00e7os de delegacia, juizado, defensoria p\u00fablica, apoio psicossocial, abrigo para alojar mulheres v\u00edtimas de viol\u00eancia por at\u00e9 48 horas e uma brinquedoteca com monitores para as crian\u00e7as que acompanharem as mulheres.<\/p>\n<p>Para a secret\u00e1ria de mulheres da CUT Bras\u00edlia, S\u00f4nia de Queiroz, \u00e9 importante mostrar e repudiar o aumento do n\u00famero de mulheres que sofrem qualquer tipo de viol\u00eancia. <em>\u201cPrecisamos que qualquer tipo de viol\u00eancia contra n\u00f3s mulheres seja repudiada e combatida. E por isso, a Casa da Mulher Brasileira precisa estar funcionando dando esse suporte para as v\u00edtimas de atitudes covardes por parte dos homens\u201d<\/em>, explicou.<\/p>\n<p style=\"text-align: right;\"><span style=\"color: #ff0000;\"><em>Fonte: CUT Bras\u00edlia<\/em><\/span><\/p>\n<p>&nbsp;<\/p>\n<p class=\"wpf_wrapper\"><a class=\"print_link\" href=\"\" target=\"_blank\">Preparar para impress\u00e3o<\/a><\/p><!-- .wpf_wrapper -->","protected":false},"excerpt":{"rendered":"<p>No \u00faltimo dia 6 de dezembro, Dia do La\u00e7o Branco, trabalhadores e trabalhadoras se uniram em um abra\u00e7o coletivo na&hellip; <\/p>\n","protected":false},"author":1,"featured_media":0,"comment_status":"closed","ping_status":"closed","sticky":false,"template":"","format":"standard","meta":{"footnotes":""},"categories":[7],"tags":[],"class_list":["post-6799","post","type-post","status-publish","format-standard","hentry","category-noticias"],"jetpack_featured_media_url":"","_links":{"self":[{"href":"https:\/\/sindesvdf.com.br\/news\/wp-json\/wp\/v2\/posts\/6799","targetHints":{"allow":["GET"]}}],"collection":[{"href":"https:\/\/sindesvdf.com.br\/news\/wp-json\/wp\/v2\/posts"}],"about":[{"href":"https:\/\/sindesvdf.com.br\/news\/wp-json\/wp\/v2\/types\/post"}],"author":[{"embeddable":true,"href":"https:\/\/sindesvdf.com.br\/news\/wp-json\/wp\/v2\/users\/1"}],"replies":[{"embeddable":true,"href":"https:\/\/sindesvdf.com.br\/news\/wp-json\/wp\/v2\/comments?post=6799"}],"version-history":[{"count":3,"href":"https:\/\/sindesvdf.com.br\/news\/wp-json\/wp\/v2\/posts\/6799\/revisions"}],"predecessor-version":[{"id":6804,"href":"https:\/\/sindesvdf.com.br\/news\/wp-json\/wp\/v2\/posts\/6799\/revisions\/6804"}],"wp:attachment":[{"href":"https:\/\/sindesvdf.com.br\/news\/wp-json\/wp\/v2\/media?parent=6799"}],"wp:term":[{"taxonomy":"category","embeddable":true,"href":"https:\/\/sindesvdf.com.br\/news\/wp-json\/wp\/v2\/categories?post=6799"},{"taxonomy":"post_tag","embeddable":true,"href":"https:\/\/sindesvdf.com.br\/news\/wp-json\/wp\/v2\/tags?post=6799"}],"curies":[{"name":"wp","href":"https:\/\/api.w.org\/{rel}","templated":true}]}}