{"id":6805,"date":"2016-12-12T09:34:09","date_gmt":"2016-12-12T11:34:09","guid":{"rendered":"http:\/\/sindesvdf.com.br\/news\/?p=6805"},"modified":"2016-12-12T09:39:37","modified_gmt":"2016-12-12T11:39:37","slug":"comissao-geral-na-cldf-pressiona-gdf-a-assegurar-pagamentos-em-dia-aos-terceirizados-e-vigilantes","status":"publish","type":"post","link":"https:\/\/sindesvdf.com.br\/news\/comissao-geral-na-cldf-pressiona-gdf-a-assegurar-pagamentos-em-dia-aos-terceirizados-e-vigilantes\/","title":{"rendered":"Comiss\u00e3o Geral na CLDF pressiona GDF a assegurar pagamentos em dia aos terceirizados e vigilantes"},"content":{"rendered":"<p><img loading=\"lazy\" decoding=\"async\" class=\"aligncenter wp-image-6807 size-large\" src=\"http:\/\/sindesvdf.com.br\/news\/wp-content\/uploads\/2016\/12\/Comiss\u00e3o-Geral-CLDF-790x526.jpeg\" width=\"790\" height=\"526\" srcset=\"https:\/\/sindesvdf.com.br\/news\/wp-content\/uploads\/2016\/12\/Comiss\u00e3o-Geral-CLDF-790x526.jpeg 790w, https:\/\/sindesvdf.com.br\/news\/wp-content\/uploads\/2016\/12\/Comiss\u00e3o-Geral-CLDF-300x200.jpeg 300w, https:\/\/sindesvdf.com.br\/news\/wp-content\/uploads\/2016\/12\/Comiss\u00e3o-Geral-CLDF-768x511.jpeg 768w, https:\/\/sindesvdf.com.br\/news\/wp-content\/uploads\/2016\/12\/Comiss\u00e3o-Geral-CLDF-272x182.jpeg 272w, https:\/\/sindesvdf.com.br\/news\/wp-content\/uploads\/2016\/12\/Comiss\u00e3o-Geral-CLDF.jpeg 1500w\" sizes=\"auto, (max-width: 790px) 100vw, 790px\" \/><\/p>\n<p>Trabalhadores terceirizados e vigilantes cobraram dos representantes do GDF e das empresas prestadoras de servi\u00e7os respeito com ambas as categorias quanto a pontualidade no pagamento dos sal\u00e1rios e benef\u00edcios. A cobran\u00e7a foi feita durante comiss\u00e3o geral na C\u00e2mara Legislativa, realizada no \u00faltimo dia 8 de dezembro.<\/p>\n<p><img loading=\"lazy\" decoding=\"async\" class=\"alignright wp-image-28285\" src=\"http:\/\/www.cutbrasilia.org.br\/site\/wp-content\/uploads\/2016\/12\/image3-300x200.jpeg\" sizes=\"auto, (max-width: 407px) 100vw, 407px\" srcset=\"http:\/\/www.cutbrasilia.org.br\/site\/wp-content\/uploads\/2016\/12\/image3-300x200.jpeg 300w, http:\/\/www.cutbrasilia.org.br\/site\/wp-content\/uploads\/2016\/12\/image3-768x511.jpeg 768w, http:\/\/www.cutbrasilia.org.br\/site\/wp-content\/uploads\/2016\/12\/image3-1024x681.jpeg 1024w, http:\/\/www.cutbrasilia.org.br\/site\/wp-content\/uploads\/2016\/12\/image3-700x466.jpeg 700w, http:\/\/www.cutbrasilia.org.br\/site\/wp-content\/uploads\/2016\/12\/image3.jpeg 1500w\" alt=\"Comiss\u00e3o geral; pagamento atrasados\" width=\"407\" height=\"271\" \/>Cansados de recorrentes atrasos de sal\u00e1rios e dos transtornos que isso acarreta aos trabalhadores, os representantes do Sindicato dos Empregados Asseio e Conserva\u00e7\u00e3o de Bras\u00edlia (Sindiservi\u00e7os) entregaram documento propondo a forma\u00e7\u00e3o de uma Comiss\u00e3o de Trabalho formada por representantes da CLDF, GDF, Superintend\u00eancia Regional do Trabalho e Emprego, Minist\u00e9rio P\u00fablico do Trabalho, sindicatos patronais, dirigentes da CUT Bras\u00edlia e os diretores do Sindiservi\u00e7os-DF e do Sindicato dos Vigilantes, para buscar solu\u00e7\u00f5es imediatas para \u00a0pagamentos de sal\u00e1rios e benef\u00edcios e tamb\u00e9m para a disponibiliza\u00e7\u00e3o de vesti\u00e1rios higienizados e locais de alimenta\u00e7\u00e3o dignos para o uso dos trabalhadores.<\/p>\n<p>Durante a audi\u00eancia, a subsecret\u00e1ria de Infraestrutura da Sa\u00fade do GDF, Liliane Menegoto, prometeu que os sal\u00e1rios de outubro do pessoal da limpeza e seguran\u00e7a ser\u00e3o creditados \u00e0s empresas contratantes ainda no dia 8\/12; e o secret\u00e1rio-adjunto de Fazenda, Wilson de Paula, disse que o governo espera pagar o m\u00eas de novembro na pr\u00f3xima semana e o 13\u00ba no dia 15.<\/p>\n<p>\u00c0 frente do debate, o deputado Chico Vigilante (PT) destacou que os atrasos nos pagamentos t\u00eam sido constantes e defendeu ser preciso criar um mecanismo para acabar com essa situa\u00e7\u00e3o. A representante dos trabalhadores terceirizados de asseio e conserva\u00e7\u00e3o do DF Andr\u00e9a da Silva lembrou que o quadro se arrasta desde 2014.<em> \u201cH\u00e1 dois anos, para receber sal\u00e1rio, tem de haver paralisa\u00e7\u00e3o. E, quando sai o pagamento, h\u00e1 puni\u00e7\u00f5es pelos dias parados\u201d<\/em>, reclamou.<\/p>\n<p>Ainda de acordo com Andr\u00e9a, muitos empregados t\u00eam passado necessidade e corrido o risco de serem despejados de suas casas por n\u00e3o conseguirem pagar o aluguel. Discursos semelhantes foram feitos por outros participantes da comiss\u00e3o geral. Andr\u00e9a apontou tamb\u00e9m as consequ\u00eancias para as empresas contratadas pelo GDF: <em>\u201cMuitas funcionam h\u00e1 mais de 30 anos e agora, como n\u00e3o conseguem cumprir as obriga\u00e7\u00f5es com os trabalhadores, est\u00e3o perdendo solidez\u201d<\/em>.<\/p>\n<p><em>\u201cTemos obriga\u00e7\u00e3o de pagar os sal\u00e1rios, mas, para isso, temos de receber. Do jeito que est\u00e1, estamos sendo patrocinadores do GDF\u201d<\/em>, afirmou Irenaldo Lima, presidente do Sindicato das Empresas de Seguran\u00e7a Privada. Na mesma linha, o presidente do Sindicato das Empresas de Asseio e Conserva\u00e7\u00e3o, Ant\u00f4nio Rabello, disse que o GDF est\u00e1 com o <em>\u201cnome sujo\u201d<\/em> devido \u00e0 inseguran\u00e7a jur\u00eddica para as empresas que assinam contratos com o governo. <em>\u201c\u00c9 preciso honrar os compromissos feitos por licita\u00e7\u00e3o p\u00fablica\u201d<\/em>, pregou.<\/p>\n<p>J\u00e1 o coordenador da Confedera\u00e7\u00e3o Nacional dos Trabalhadores no Com\u00e9rcio e Servi\u00e7os (Contracs), Francisco Luiz Costa, pediu auditoria em contratos e repasses e defendeu que, mesmo com \u201cchoradeira\u201d, os empres\u00e1rios t\u00eam de pagar os trabalhadores pelos servi\u00e7os prestados. <em>\u201cQuerem obrigar a trabalhar sem receber\u201d<\/em>, reclamou.<\/p>\n<p>Al\u00e9m da incerteza quanto ao recebimento dos sal\u00e1rios, o diretor de comunica\u00e7\u00e3o do Sindicato dos Trabalhadores Terceirizados de Asseio e Conserva\u00e7\u00e3o, Ant\u00f4nio de P\u00e1dua Lemos, ressaltou outros problemas que os empregados das empresas prestadoras de servi\u00e7o para o GDF t\u00eam enfrentado, como as frequentes demiss\u00f5es e a sobrecarga de trabalho. Conforme explicou, esse quadro alimenta a crise por que passa o governo:<em> \u201cSe o trabalhador n\u00e3o recebe, ele n\u00e3o compra. Se n\u00e3o compra, n\u00e3o d\u00e1 lucro para com\u00e9rcio e ind\u00fastria, que demite tamb\u00e9m\u201d.<\/em><\/p>\n<p><strong>Compromissos e expectativas \u2013\u00a0<\/strong>O assessor especial da Secretaria de Educa\u00e7\u00e3o, Fernando Ribeiro, disse que os pagamentos dos contratados da pasta est\u00e3o quitados at\u00e9 setembro e que est\u00e3o aguardando disponibilidade financeira para o restante<em>. \u201cO fluxo de arrecada\u00e7\u00e3o n\u00e3o est\u00e1 muito favor\u00e1vel, lamento a situa\u00e7\u00e3o\u201d<\/em>, afirmou.<\/p>\n<p>Com rela\u00e7\u00e3o \u00e0 situa\u00e7\u00e3o dos contratos da Sa\u00fade, Liliane Menegoto informou que a ordem de pagamento de outubro foi assinada nesta tarde. <em>\u201cEstamos trabalhando para pagar o m\u00eas de novembro na semana que vem, mas algumas empresas ainda n\u00e3o atestaram as notas\u201d<\/em>, completou.<\/p>\n<p>Segundo o secret\u00e1rio-adjunto de Fazenda, Wilson de Paula, todos os acertos referentes a 2015 e 2016 ser\u00e3o feitos at\u00e9 fevereiro pr\u00f3ximo com recursos do Iprev. J\u00e1 os restos a pagar de 2014 devem ser quitados, de acordo com o gestor, com recursos advindos da redu\u00e7\u00e3o de incentivos fiscais prevista no Projeto de Lei n\u00ba 1.366\/2016 \u2013 em an\u00e1lise na Comiss\u00e3o de Economia, Or\u00e7amento e Finan\u00e7as (CEOF).<\/p>\n<p style=\"text-align: right;\"><span style=\"color: #ff0000;\"><em>Fonte: Portal da CLDF e Sindiservi\u00e7os<\/em><\/span><\/p>\n<p class=\"wpf_wrapper\"><a class=\"print_link\" href=\"\" target=\"_blank\">Preparar para impress\u00e3o<\/a><\/p><!-- .wpf_wrapper -->","protected":false},"excerpt":{"rendered":"<p>Trabalhadores terceirizados e vigilantes cobraram dos representantes do GDF e das empresas prestadoras de servi\u00e7os respeito com ambas as categorias&hellip; <\/p>\n","protected":false},"author":1,"featured_media":0,"comment_status":"closed","ping_status":"closed","sticky":false,"template":"","format":"standard","meta":{"footnotes":""},"categories":[7],"tags":[],"class_list":["post-6805","post","type-post","status-publish","format-standard","hentry","category-noticias"],"jetpack_featured_media_url":"","_links":{"self":[{"href":"https:\/\/sindesvdf.com.br\/news\/wp-json\/wp\/v2\/posts\/6805","targetHints":{"allow":["GET"]}}],"collection":[{"href":"https:\/\/sindesvdf.com.br\/news\/wp-json\/wp\/v2\/posts"}],"about":[{"href":"https:\/\/sindesvdf.com.br\/news\/wp-json\/wp\/v2\/types\/post"}],"author":[{"embeddable":true,"href":"https:\/\/sindesvdf.com.br\/news\/wp-json\/wp\/v2\/users\/1"}],"replies":[{"embeddable":true,"href":"https:\/\/sindesvdf.com.br\/news\/wp-json\/wp\/v2\/comments?post=6805"}],"version-history":[{"count":1,"href":"https:\/\/sindesvdf.com.br\/news\/wp-json\/wp\/v2\/posts\/6805\/revisions"}],"predecessor-version":[{"id":6808,"href":"https:\/\/sindesvdf.com.br\/news\/wp-json\/wp\/v2\/posts\/6805\/revisions\/6808"}],"wp:attachment":[{"href":"https:\/\/sindesvdf.com.br\/news\/wp-json\/wp\/v2\/media?parent=6805"}],"wp:term":[{"taxonomy":"category","embeddable":true,"href":"https:\/\/sindesvdf.com.br\/news\/wp-json\/wp\/v2\/categories?post=6805"},{"taxonomy":"post_tag","embeddable":true,"href":"https:\/\/sindesvdf.com.br\/news\/wp-json\/wp\/v2\/tags?post=6805"}],"curies":[{"name":"wp","href":"https:\/\/api.w.org\/{rel}","templated":true}]}}