{"id":6896,"date":"2017-01-10T09:38:28","date_gmt":"2017-01-10T11:38:28","guid":{"rendered":"http:\/\/sindesvdf.com.br\/news\/?p=6896"},"modified":"2017-01-10T15:51:09","modified_gmt":"2017-01-10T17:51:09","slug":"seplag-publica-aviso-de-contratacao-emergencial-para-vigilancia","status":"publish","type":"post","link":"https:\/\/sindesvdf.com.br\/news\/seplag-publica-aviso-de-contratacao-emergencial-para-vigilancia\/","title":{"rendered":"SEPLAG publica aviso de contrata\u00e7\u00e3o emergencial para vigil\u00e2ncia"},"content":{"rendered":"<p style=\"text-align: left;\"><img loading=\"lazy\" decoding=\"async\" class=\"alignleft wp-image-6897 size-medium\" src=\"http:\/\/sindesvdf.com.br\/news\/wp-content\/uploads\/2017\/01\/Emprego-garantido-300x300.png\" width=\"300\" height=\"300\" srcset=\"https:\/\/sindesvdf.com.br\/news\/wp-content\/uploads\/2017\/01\/Emprego-garantido-300x300.png 300w, https:\/\/sindesvdf.com.br\/news\/wp-content\/uploads\/2017\/01\/Emprego-garantido-150x150.png 150w, https:\/\/sindesvdf.com.br\/news\/wp-content\/uploads\/2017\/01\/Emprego-garantido-768x768.png 768w, https:\/\/sindesvdf.com.br\/news\/wp-content\/uploads\/2017\/01\/Emprego-garantido-790x790.png 790w, https:\/\/sindesvdf.com.br\/news\/wp-content\/uploads\/2017\/01\/Emprego-garantido.png 960w\" sizes=\"auto, (max-width: 300px) 100vw, 300px\" \/><span style=\"font-size: 18px;\">Conforme adiantado pelo Deputado Chico Vigilante (PT-DF), a Secretaria de Planejamento publicou nesta segunda-feira (09\/01\/2017), no Di\u00e1rio Oficial, o aviso de dispensa de licita\u00e7\u00e3o para contrata\u00e7\u00e3o emergencial de empresa de vigil\u00e2ncia para o DF no valor de R$ 87,4 milh\u00f5es. As empresas interessadas t\u00eam at\u00e9 o dia 13 para entregarem a proposta comercial.<\/span><\/p>\n<p style=\"text-align: left;\"><span style=\"font-size: 18px;\">Apesar de ser uma medida\u00a0paliativa esse contrato emergencial dever\u00e1 manter os servi\u00e7os de vigil\u00e2ncia e evitar a demiss\u00e3o de 1.880 profissionais que est\u00e3o com aviso-pr\u00e9vio.<\/span><\/p>\n<p style=\"text-align: right;\"><span style=\"color: #ff0000;\"><em>Fonte: Deputado Chico Vigilante, PT-DF<\/em><\/span><\/p>\n<p><span style=\"font-size: 18px;\">Veja abaixo a \u00edntegra do aviso de dispensa da licita\u00e7\u00e3o:<\/span><\/p>\n<hr \/>\n<p style=\"text-align: center;\"><span style=\"font-family: 'Times New Roman', Times;\">SECRETARIA DE ESTADO DE PLANEJAMENTO, OR\u00c7AMENTO E GEST\u00c3O<\/span><br \/>\n<span style=\"font-family: 'Times New Roman', Times;\">SUBSECRETARIA DE COMPRAS GOVERNAMENTAIS<\/span><br \/>\n<span style=\"font-family: 'Times New Roman', Times;\">AVISO DE DISPENSA DE LICITA\u00c7\u00c3O N\u00ba 01\/2017<\/span><\/p>\n<p><span style=\"font-family: 'Times New Roman', Times;\">A Subsecretaria de Compras Governamentais &#8211; SCG\/SEPLAG comunica a abertura da Dispensa de Licita\u00e7\u00e3o, EMERGENCIAL, referente \u00e0 CONTRATA\u00c7\u00c3O DE EMPRESA PARA PRESTA\u00c7\u00c3O DE SERVI\u00c7OS DE VIGIL\u00c2NCIA ARMADA E DESARMADA, COM FORNECIMENTO DE M\u00c3O DE OBRA, MATERIAIS E EQUIPAMENTOS PARA O DISTRITO FEDERAL, nos termos do Inciso IV, do Artigo 24 da Lei n\u00ba 8.666\/93, Processo n\u00ba 410.004.152\/2016, estimada no valor de R$ 87.408.986,16 (oitenta e sete milh\u00f5es, quatrocentos e oito mil, novecentos e oitenta e seis reais e dezesseis centavos). O Projeto B\u00e1sico da Contrata\u00e7\u00e3o Emergencial estar\u00e1 dispon\u00edvel para retirada no endere\u00e7o abaixo referenciado pela Administra\u00e7\u00e3o. A proposta comercial e a documenta\u00e7\u00e3o habilitat\u00f3ria dever\u00e3o ser entregues, em um \u00fanico envelope lacrado, at\u00e9 \u00e0s 18h do dia 13 de janeiro de 2017. Endere\u00e7o:\u00a0Edif\u00edcio Anexo do Pal\u00e1cio do Buriti, 5\u00ba Andar, Sala 500, Bras\u00edlia\/DF &#8211; CEP 70.075-900.<\/span><\/p>\n<p style=\"text-align: center;\"><span style=\"font-family: 'Times New Roman', Times;\">LEONARDO RODRIGO FERREIRA<\/span><\/p>\n<p style=\"text-align: right;\"><span style=\"color: #ff0000;\"><em>Fonte: DODF<\/em><\/span><\/p>\n<p class=\"wpf_wrapper\"><a class=\"print_link\" href=\"\" target=\"_blank\">Preparar para impress\u00e3o<\/a><\/p><!-- .wpf_wrapper -->","protected":false},"excerpt":{"rendered":"<p>Conforme adiantado pelo Deputado Chico Vigilante (PT-DF), a Secretaria de Planejamento publicou nesta segunda-feira (09\/01\/2017), no Di\u00e1rio Oficial, o aviso&hellip; <\/p>\n","protected":false},"author":1,"featured_media":0,"comment_status":"closed","ping_status":"closed","sticky":false,"template":"","format":"standard","meta":{"footnotes":""},"categories":[7],"tags":[],"class_list":["post-6896","post","type-post","status-publish","format-standard","hentry","category-noticias"],"jetpack_featured_media_url":"","_links":{"self":[{"href":"https:\/\/sindesvdf.com.br\/news\/wp-json\/wp\/v2\/posts\/6896","targetHints":{"allow":["GET"]}}],"collection":[{"href":"https:\/\/sindesvdf.com.br\/news\/wp-json\/wp\/v2\/posts"}],"about":[{"href":"https:\/\/sindesvdf.com.br\/news\/wp-json\/wp\/v2\/types\/post"}],"author":[{"embeddable":true,"href":"https:\/\/sindesvdf.com.br\/news\/wp-json\/wp\/v2\/users\/1"}],"replies":[{"embeddable":true,"href":"https:\/\/sindesvdf.com.br\/news\/wp-json\/wp\/v2\/comments?post=6896"}],"version-history":[{"count":6,"href":"https:\/\/sindesvdf.com.br\/news\/wp-json\/wp\/v2\/posts\/6896\/revisions"}],"predecessor-version":[{"id":6901,"href":"https:\/\/sindesvdf.com.br\/news\/wp-json\/wp\/v2\/posts\/6896\/revisions\/6901"}],"wp:attachment":[{"href":"https:\/\/sindesvdf.com.br\/news\/wp-json\/wp\/v2\/media?parent=6896"}],"wp:term":[{"taxonomy":"category","embeddable":true,"href":"https:\/\/sindesvdf.com.br\/news\/wp-json\/wp\/v2\/categories?post=6896"},{"taxonomy":"post_tag","embeddable":true,"href":"https:\/\/sindesvdf.com.br\/news\/wp-json\/wp\/v2\/tags?post=6896"}],"curies":[{"name":"wp","href":"https:\/\/api.w.org\/{rel}","templated":true}]}}