{"id":7077,"date":"2017-02-15T14:24:36","date_gmt":"2017-02-15T16:24:36","guid":{"rendered":"http:\/\/sindesvdf.com.br\/news\/?p=7077"},"modified":"2017-02-16T16:56:25","modified_gmt":"2017-02-16T18:56:25","slug":"definicao-da-paralisacao-dos-vigilantes-da-pf","status":"publish","type":"post","link":"https:\/\/sindesvdf.com.br\/news\/definicao-da-paralisacao-dos-vigilantes-da-pf\/","title":{"rendered":"Defini\u00e7\u00e3o da paralisa\u00e7\u00e3o dos Vigilantes da PF"},"content":{"rendered":"<p><img loading=\"lazy\" decoding=\"async\" class=\"wp-image-7072 alignleft\" src=\"http:\/\/sindesvdf.com.br\/news\/wp-content\/uploads\/2017\/02\/WhatsApp-Image-2017-02-15-at-11.53.29-790x790.jpeg\" alt=\"\" width=\"248\" height=\"248\" srcset=\"https:\/\/sindesvdf.com.br\/news\/wp-content\/uploads\/2017\/02\/WhatsApp-Image-2017-02-15-at-11.53.29-790x790.jpeg 790w, https:\/\/sindesvdf.com.br\/news\/wp-content\/uploads\/2017\/02\/WhatsApp-Image-2017-02-15-at-11.53.29-150x150.jpeg 150w, https:\/\/sindesvdf.com.br\/news\/wp-content\/uploads\/2017\/02\/WhatsApp-Image-2017-02-15-at-11.53.29-300x300.jpeg 300w, https:\/\/sindesvdf.com.br\/news\/wp-content\/uploads\/2017\/02\/WhatsApp-Image-2017-02-15-at-11.53.29-768x768.jpeg 768w, https:\/\/sindesvdf.com.br\/news\/wp-content\/uploads\/2017\/02\/WhatsApp-Image-2017-02-15-at-11.53.29.jpeg 1280w\" sizes=\"auto, (max-width: 248px) 100vw, 248px\" \/>Em reuni\u00e3o com os\u00a0diretores do\u00a0Sindicato dos Vigilantes\u00a0do DF (SINDESV-DF)\u00a0o gestor de contratos da Pol\u00edcia Federal, Daniel Tadim, se comprometeu em abrir processo licitat\u00f3rio para a troca da empresa.<\/p>\n<p>O Sindicato tamb\u00e9m vai acionar a empresa MJR Seguran\u00e7a e o\u00a0DPF no Minist\u00e9rio P\u00fablico afim\u00a0de que o pagamento e as pend\u00eancias existentes sejam repassadas diretamente do \u00f3rg\u00e3o aos trabalhadores, enquanto n\u00e3o se definir a licita\u00e7\u00e3o.<\/p>\n<p><img loading=\"lazy\" decoding=\"async\" class=\"wp-image-7073 size-large alignnone\" src=\"http:\/\/sindesvdf.com.br\/news\/wp-content\/uploads\/2017\/02\/WhatsApp-Image-2017-02-15-at-12.10.05-e1487174889140-790x416.jpeg\" width=\"790\" height=\"416\" srcset=\"https:\/\/sindesvdf.com.br\/news\/wp-content\/uploads\/2017\/02\/WhatsApp-Image-2017-02-15-at-12.10.05-e1487174889140-790x416.jpeg 790w, https:\/\/sindesvdf.com.br\/news\/wp-content\/uploads\/2017\/02\/WhatsApp-Image-2017-02-15-at-12.10.05-e1487174889140-300x158.jpeg 300w, https:\/\/sindesvdf.com.br\/news\/wp-content\/uploads\/2017\/02\/WhatsApp-Image-2017-02-15-at-12.10.05-e1487174889140-768x404.jpeg 768w, https:\/\/sindesvdf.com.br\/news\/wp-content\/uploads\/2017\/02\/WhatsApp-Image-2017-02-15-at-12.10.05-e1487174889140-250x132.jpeg 250w, https:\/\/sindesvdf.com.br\/news\/wp-content\/uploads\/2017\/02\/WhatsApp-Image-2017-02-15-at-12.10.05-e1487174889140-150x79.jpeg 150w, https:\/\/sindesvdf.com.br\/news\/wp-content\/uploads\/2017\/02\/WhatsApp-Image-2017-02-15-at-12.10.05-e1487174889140.jpeg 1276w\" sizes=\"auto, (max-width: 790px) 100vw, 790px\" \/>\u00a0A diretoria apresentou o resultado da reuni\u00e3o aos trabalhadores que decidiram voltar \u00e0s suas atividades.<\/p>\n<p class=\"wpf_wrapper\"><a class=\"print_link\" href=\"\" target=\"_blank\">Preparar para impress\u00e3o<\/a><\/p><!-- .wpf_wrapper -->","protected":false},"excerpt":{"rendered":"<p>Em reuni\u00e3o com os\u00a0diretores do\u00a0Sindicato dos Vigilantes\u00a0do DF (SINDESV-DF)\u00a0o gestor de contratos da Pol\u00edcia Federal, Daniel Tadim, se comprometeu em&hellip; <\/p>\n","protected":false},"author":1,"featured_media":0,"comment_status":"closed","ping_status":"closed","sticky":false,"template":"","format":"standard","meta":{"footnotes":""},"categories":[7],"tags":[],"class_list":["post-7077","post","type-post","status-publish","format-standard","hentry","category-noticias"],"jetpack_featured_media_url":"","_links":{"self":[{"href":"https:\/\/sindesvdf.com.br\/news\/wp-json\/wp\/v2\/posts\/7077","targetHints":{"allow":["GET"]}}],"collection":[{"href":"https:\/\/sindesvdf.com.br\/news\/wp-json\/wp\/v2\/posts"}],"about":[{"href":"https:\/\/sindesvdf.com.br\/news\/wp-json\/wp\/v2\/types\/post"}],"author":[{"embeddable":true,"href":"https:\/\/sindesvdf.com.br\/news\/wp-json\/wp\/v2\/users\/1"}],"replies":[{"embeddable":true,"href":"https:\/\/sindesvdf.com.br\/news\/wp-json\/wp\/v2\/comments?post=7077"}],"version-history":[{"count":2,"href":"https:\/\/sindesvdf.com.br\/news\/wp-json\/wp\/v2\/posts\/7077\/revisions"}],"predecessor-version":[{"id":7080,"href":"https:\/\/sindesvdf.com.br\/news\/wp-json\/wp\/v2\/posts\/7077\/revisions\/7080"}],"wp:attachment":[{"href":"https:\/\/sindesvdf.com.br\/news\/wp-json\/wp\/v2\/media?parent=7077"}],"wp:term":[{"taxonomy":"category","embeddable":true,"href":"https:\/\/sindesvdf.com.br\/news\/wp-json\/wp\/v2\/categories?post=7077"},{"taxonomy":"post_tag","embeddable":true,"href":"https:\/\/sindesvdf.com.br\/news\/wp-json\/wp\/v2\/tags?post=7077"}],"curies":[{"name":"wp","href":"https:\/\/api.w.org\/{rel}","templated":true}]}}