{"id":7082,"date":"2017-02-16T17:12:22","date_gmt":"2017-02-16T19:12:22","guid":{"rendered":"http:\/\/sindesvdf.com.br\/news\/?p=7082"},"modified":"2017-02-16T17:12:22","modified_gmt":"2017-02-16T19:12:22","slug":"coletivo-de-mulheres-diretoras-do-sindesv-df","status":"publish","type":"post","link":"https:\/\/sindesvdf.com.br\/news\/coletivo-de-mulheres-diretoras-do-sindesv-df\/","title":{"rendered":"Coletivo de Mulheres Diretoras do Sindesv-DF"},"content":{"rendered":"<p><img loading=\"lazy\" decoding=\"async\" class=\"wp-image-7083 alignleft\" src=\"http:\/\/sindesvdf.com.br\/news\/wp-content\/uploads\/2017\/02\/WhatsApp-Image-2017-02-15-at-19.46.34a-790x593.jpeg\" alt=\"\" width=\"418\" height=\"314\" srcset=\"https:\/\/sindesvdf.com.br\/news\/wp-content\/uploads\/2017\/02\/WhatsApp-Image-2017-02-15-at-19.46.34a-790x593.jpeg 790w, https:\/\/sindesvdf.com.br\/news\/wp-content\/uploads\/2017\/02\/WhatsApp-Image-2017-02-15-at-19.46.34a-300x225.jpeg 300w, https:\/\/sindesvdf.com.br\/news\/wp-content\/uploads\/2017\/02\/WhatsApp-Image-2017-02-15-at-19.46.34a-768x576.jpeg 768w, https:\/\/sindesvdf.com.br\/news\/wp-content\/uploads\/2017\/02\/WhatsApp-Image-2017-02-15-at-19.46.34a-200x150.jpeg 200w, https:\/\/sindesvdf.com.br\/news\/wp-content\/uploads\/2017\/02\/WhatsApp-Image-2017-02-15-at-19.46.34a-150x113.jpeg 150w, https:\/\/sindesvdf.com.br\/news\/wp-content\/uploads\/2017\/02\/WhatsApp-Image-2017-02-15-at-19.46.34a.jpeg 1280w\" sizes=\"auto, (max-width: 418px) 100vw, 418px\" \/>No dia 14 de fevereiro o Coletivo de Mulheres Diretoras do Sindicato dos Vigilantes do DF (Sindesv-DF) realizou sua\u00a02\u00aa reuni\u00e3o na sala de reuni\u00f5es da Confedera\u00e7\u00e3o Nacional dos Vigilantes (CNTV).<\/p>\n<p>Foram discutidos v\u00e1rios assuntos e ideias para melhorar a vida das nossas vigilantes femininas.<\/p>\n<p><img loading=\"lazy\" decoding=\"async\" class=\"wp-image-7084 alignright\" src=\"http:\/\/sindesvdf.com.br\/news\/wp-content\/uploads\/2017\/02\/WhatsApp-Image-2017-02-15-at-19.46.35-790x593.jpeg\" alt=\"\" width=\"418\" height=\"314\" srcset=\"https:\/\/sindesvdf.com.br\/news\/wp-content\/uploads\/2017\/02\/WhatsApp-Image-2017-02-15-at-19.46.35-790x593.jpeg 790w, https:\/\/sindesvdf.com.br\/news\/wp-content\/uploads\/2017\/02\/WhatsApp-Image-2017-02-15-at-19.46.35-300x225.jpeg 300w, https:\/\/sindesvdf.com.br\/news\/wp-content\/uploads\/2017\/02\/WhatsApp-Image-2017-02-15-at-19.46.35-768x576.jpeg 768w, https:\/\/sindesvdf.com.br\/news\/wp-content\/uploads\/2017\/02\/WhatsApp-Image-2017-02-15-at-19.46.35-200x150.jpeg 200w, https:\/\/sindesvdf.com.br\/news\/wp-content\/uploads\/2017\/02\/WhatsApp-Image-2017-02-15-at-19.46.35-150x113.jpeg 150w, https:\/\/sindesvdf.com.br\/news\/wp-content\/uploads\/2017\/02\/WhatsApp-Image-2017-02-15-at-19.46.35.jpeg 1280w\" sizes=\"auto, (max-width: 418px) 100vw, 418px\" \/><\/p>\n<p>O Espa\u00e7o Mulher \u00a0(sala 107 do Sindesv-DF) j\u00e1 est\u00e1 funcionando para atender todas as vigilantes, sempre com uma diretora de plant\u00e3o.<\/p>\n<p class=\"wpf_wrapper\"><a class=\"print_link\" href=\"\" target=\"_blank\">Preparar para impress\u00e3o<\/a><\/p><!-- .wpf_wrapper -->","protected":false},"excerpt":{"rendered":"<p>No dia 14 de fevereiro o Coletivo de Mulheres Diretoras do Sindicato dos Vigilantes do DF (Sindesv-DF) realizou sua\u00a02\u00aa reuni\u00e3o&hellip; <\/p>\n","protected":false},"author":1,"featured_media":0,"comment_status":"closed","ping_status":"closed","sticky":false,"template":"","format":"standard","meta":{"footnotes":""},"categories":[7],"tags":[],"class_list":["post-7082","post","type-post","status-publish","format-standard","hentry","category-noticias"],"jetpack_featured_media_url":"","_links":{"self":[{"href":"https:\/\/sindesvdf.com.br\/news\/wp-json\/wp\/v2\/posts\/7082","targetHints":{"allow":["GET"]}}],"collection":[{"href":"https:\/\/sindesvdf.com.br\/news\/wp-json\/wp\/v2\/posts"}],"about":[{"href":"https:\/\/sindesvdf.com.br\/news\/wp-json\/wp\/v2\/types\/post"}],"author":[{"embeddable":true,"href":"https:\/\/sindesvdf.com.br\/news\/wp-json\/wp\/v2\/users\/1"}],"replies":[{"embeddable":true,"href":"https:\/\/sindesvdf.com.br\/news\/wp-json\/wp\/v2\/comments?post=7082"}],"version-history":[{"count":2,"href":"https:\/\/sindesvdf.com.br\/news\/wp-json\/wp\/v2\/posts\/7082\/revisions"}],"predecessor-version":[{"id":7086,"href":"https:\/\/sindesvdf.com.br\/news\/wp-json\/wp\/v2\/posts\/7082\/revisions\/7086"}],"wp:attachment":[{"href":"https:\/\/sindesvdf.com.br\/news\/wp-json\/wp\/v2\/media?parent=7082"}],"wp:term":[{"taxonomy":"category","embeddable":true,"href":"https:\/\/sindesvdf.com.br\/news\/wp-json\/wp\/v2\/categories?post=7082"},{"taxonomy":"post_tag","embeddable":true,"href":"https:\/\/sindesvdf.com.br\/news\/wp-json\/wp\/v2\/tags?post=7082"}],"curies":[{"name":"wp","href":"https:\/\/api.w.org\/{rel}","templated":true}]}}