{"id":7087,"date":"2017-02-16T17:33:56","date_gmt":"2017-02-16T19:33:56","guid":{"rendered":"http:\/\/sindesvdf.com.br\/news\/?p=7087"},"modified":"2017-02-23T12:37:39","modified_gmt":"2017-02-23T15:37:39","slug":"campanha-salarial-2017-2302-audiencia-no-mpt-e-assembleia-geral","status":"publish","type":"post","link":"https:\/\/sindesvdf.com.br\/news\/campanha-salarial-2017-2302-audiencia-no-mpt-e-assembleia-geral\/","title":{"rendered":"Campanha Salarial 2017 &#8211; HOJE &#8211; Audi\u00eancia no MPT e Assembleia Geral"},"content":{"rendered":"<h2 style=\"text-align: center;\"><em>Vai ter luta, vai ter mobiliza\u00e7\u00e3o, todos e todas devem comparecer!<\/em><\/h2>\n<p>Estamos firmes e fortes em nossa Campanha Salarial 2017, a categoria est\u00e1 mobilizada e atenta para se contrapor \u00e0 intransig\u00eancia de alguns setores do empresariado que insiste em mexer na nossa Conven\u00e7\u00e3o Coletiva de Trabalho.<\/p>\n<p><img loading=\"lazy\" decoding=\"async\" class=\"wp-image-7088 alignleft\" src=\"http:\/\/sindesvdf.com.br\/news\/wp-content\/uploads\/2017\/02\/16640851_670328543139368_6030335637931220150_n-790x790.jpg\" alt=\"\" width=\"420\" height=\"421\" srcset=\"https:\/\/sindesvdf.com.br\/news\/wp-content\/uploads\/2017\/02\/16640851_670328543139368_6030335637931220150_n-790x790.jpg 790w, https:\/\/sindesvdf.com.br\/news\/wp-content\/uploads\/2017\/02\/16640851_670328543139368_6030335637931220150_n-150x150.jpg 150w, https:\/\/sindesvdf.com.br\/news\/wp-content\/uploads\/2017\/02\/16640851_670328543139368_6030335637931220150_n-300x300.jpg 300w, https:\/\/sindesvdf.com.br\/news\/wp-content\/uploads\/2017\/02\/16640851_670328543139368_6030335637931220150_n-768x768.jpg 768w, https:\/\/sindesvdf.com.br\/news\/wp-content\/uploads\/2017\/02\/16640851_670328543139368_6030335637931220150_n.jpg 960w\" sizes=\"auto, (max-width: 420px) 100vw, 420px\" \/>Depois de exaustivas negocia\u00e7\u00f5es, n\u00e3o chegamos a um resultado de uma proposta que possa ser apresentada aos vigilantes, pois n\u00e3o aceitamos retrocesso. Diante desse impasse, o Minist\u00e9rio P\u00fablico do Trabalho est\u00e1 convocando os dois sindicatos, o laboral e o patronal para uma audi\u00eancia com intermedia\u00e7\u00e3o das negocia\u00e7\u00f5es.<\/p>\n<p>Enquanto acontecer a audi\u00eancia no pr\u00e9dio do MPT, os vigilantes estar\u00e3o reunidos e ap\u00f3s a audi\u00eancia, levaremos o resultado \u00e0 assembleia geral da categoria. Dependendo do resultado da audi\u00eancia, podemos encerrar a nossa data-base ou, ao contr\u00e1rio, definir os rumos das pr\u00f3ximas etapas da nossa luta.<\/p>\n<p>\u00c9 de grande import\u00e2ncia que os vigilantes se fa\u00e7am presentes para que possamos mostrar a for\u00e7a da categoria e tamb\u00e9m para mostrar que todos e todas est\u00e3o juntos nesta luta em defesa dos nossos direitos e conquistas. Alertamos tamb\u00e9m para que evitem boatos de pessoas que tem o intuito de tumultuar a nossa luta e mobiliza\u00e7\u00e3o e que est\u00e3o a mando de alguns empres\u00e1rios.<\/p>\n<p>O momento \u00e9 decisivo e n\u00e3o podemos fugir de nossas responsabilidades. Cada vigilante ser\u00e1 uma for\u00e7a \u00fanica de coragem, compromisso e determina\u00e7\u00e3o e que somados aos demais companheiros e companheiras nos tornar\u00e3o nos conduzir\u00e3o ao caminho da vit\u00f3ria.<\/p>\n<p><img loading=\"lazy\" decoding=\"async\" class=\"aligncenter size-full wp-image-7179\" src=\"http:\/\/sindesvdf.com.br\/news\/wp-content\/uploads\/2014\/04\/16939248_674127692759453_7393491245822407148_n.jpg\" alt=\"\" width=\"480\" height=\"480\" srcset=\"https:\/\/sindesvdf.com.br\/news\/wp-content\/uploads\/2014\/04\/16939248_674127692759453_7393491245822407148_n.jpg 480w, https:\/\/sindesvdf.com.br\/news\/wp-content\/uploads\/2014\/04\/16939248_674127692759453_7393491245822407148_n-150x150.jpg 150w, https:\/\/sindesvdf.com.br\/news\/wp-content\/uploads\/2014\/04\/16939248_674127692759453_7393491245822407148_n-300x300.jpg 300w\" sizes=\"auto, (max-width: 480px) 100vw, 480px\" \/><\/p>\n<p class=\"wpf_wrapper\"><a class=\"print_link\" href=\"\" target=\"_blank\">Preparar para impress\u00e3o<\/a><\/p><!-- .wpf_wrapper -->","protected":false},"excerpt":{"rendered":"<p>Vai ter luta, vai ter mobiliza\u00e7\u00e3o, todos e todas devem comparecer! Estamos firmes e fortes em nossa Campanha Salarial 2017,&hellip; <\/p>\n","protected":false},"author":1,"featured_media":0,"comment_status":"closed","ping_status":"closed","sticky":false,"template":"","format":"standard","meta":{"footnotes":""},"categories":[7],"tags":[],"class_list":["post-7087","post","type-post","status-publish","format-standard","hentry","category-noticias"],"jetpack_featured_media_url":"","_links":{"self":[{"href":"https:\/\/sindesvdf.com.br\/news\/wp-json\/wp\/v2\/posts\/7087","targetHints":{"allow":["GET"]}}],"collection":[{"href":"https:\/\/sindesvdf.com.br\/news\/wp-json\/wp\/v2\/posts"}],"about":[{"href":"https:\/\/sindesvdf.com.br\/news\/wp-json\/wp\/v2\/types\/post"}],"author":[{"embeddable":true,"href":"https:\/\/sindesvdf.com.br\/news\/wp-json\/wp\/v2\/users\/1"}],"replies":[{"embeddable":true,"href":"https:\/\/sindesvdf.com.br\/news\/wp-json\/wp\/v2\/comments?post=7087"}],"version-history":[{"count":6,"href":"https:\/\/sindesvdf.com.br\/news\/wp-json\/wp\/v2\/posts\/7087\/revisions"}],"predecessor-version":[{"id":7181,"href":"https:\/\/sindesvdf.com.br\/news\/wp-json\/wp\/v2\/posts\/7087\/revisions\/7181"}],"wp:attachment":[{"href":"https:\/\/sindesvdf.com.br\/news\/wp-json\/wp\/v2\/media?parent=7087"}],"wp:term":[{"taxonomy":"category","embeddable":true,"href":"https:\/\/sindesvdf.com.br\/news\/wp-json\/wp\/v2\/categories?post=7087"},{"taxonomy":"post_tag","embeddable":true,"href":"https:\/\/sindesvdf.com.br\/news\/wp-json\/wp\/v2\/tags?post=7087"}],"curies":[{"name":"wp","href":"https:\/\/api.w.org\/{rel}","templated":true}]}}