{"id":7182,"date":"2017-02-24T13:53:38","date_gmt":"2017-02-24T16:53:38","guid":{"rendered":"http:\/\/sindesvdf.com.br\/news\/?p=7182"},"modified":"2017-02-24T15:56:44","modified_gmt":"2017-02-24T18:56:44","slug":"campanha-salarial-2017-sem-acordo-nova-audiencia-sera-marcada-para-depois-do-carnaval","status":"publish","type":"post","link":"https:\/\/sindesvdf.com.br\/news\/campanha-salarial-2017-sem-acordo-nova-audiencia-sera-marcada-para-depois-do-carnaval\/","title":{"rendered":"Campanha Salarial 2017 &#8211; Sem acordo, nova audi\u00eancia ser\u00e1 marcada para depois do Carnaval"},"content":{"rendered":"<p id=\"m_4885971517340682065yui_3_16_0_1_1487941376322_63139\"><img loading=\"lazy\" decoding=\"async\" class=\" wp-image-7188 alignleft\" src=\"http:\/\/sindesvdf.com.br\/news\/wp-content\/uploads\/2017\/02\/FPP_01-157-de-163-790x527.jpg\" alt=\"\" width=\"515\" height=\"344\" srcset=\"https:\/\/sindesvdf.com.br\/news\/wp-content\/uploads\/2017\/02\/FPP_01-157-de-163-790x527.jpg 790w, https:\/\/sindesvdf.com.br\/news\/wp-content\/uploads\/2017\/02\/FPP_01-157-de-163-300x200.jpg 300w, https:\/\/sindesvdf.com.br\/news\/wp-content\/uploads\/2017\/02\/FPP_01-157-de-163-768x513.jpg 768w, https:\/\/sindesvdf.com.br\/news\/wp-content\/uploads\/2017\/02\/FPP_01-157-de-163-225x150.jpg 225w, https:\/\/sindesvdf.com.br\/news\/wp-content\/uploads\/2017\/02\/FPP_01-157-de-163-150x100.jpg 150w, https:\/\/sindesvdf.com.br\/news\/wp-content\/uploads\/2017\/02\/FPP_01-157-de-163-272x182.jpg 272w, https:\/\/sindesvdf.com.br\/news\/wp-content\/uploads\/2017\/02\/FPP_01-157-de-163.jpg 800w\" sizes=\"auto, (max-width: 515px) 100vw, 515px\" \/>Em uma longa audi\u00eancia realizada na tarde do dia 23\/02 no Minist\u00e9rio P\u00fablico do Trabalho, na W3 Norte, os empres\u00e1rios insistiram em retirar direitos e conquistas da nossa Conven\u00e7\u00e3o Coletiva de Trabalho, mexendo no Plano de Sa\u00fade e tentando criar a figura do horista.<br \/>\n<u><\/u><\/p>\n<p id=\"m_4885971517340682065yui_3_16_0_1_1487941376322_63141\"><img loading=\"lazy\" decoding=\"async\" class=\"wp-image-7183 alignright\" src=\"http:\/\/sindesvdf.com.br\/news\/wp-content\/uploads\/2017\/02\/FPP_01-42-de-163-790x527.jpg\" alt=\"\" width=\"468\" height=\"313\" srcset=\"https:\/\/sindesvdf.com.br\/news\/wp-content\/uploads\/2017\/02\/FPP_01-42-de-163-790x527.jpg 790w, https:\/\/sindesvdf.com.br\/news\/wp-content\/uploads\/2017\/02\/FPP_01-42-de-163-300x200.jpg 300w, https:\/\/sindesvdf.com.br\/news\/wp-content\/uploads\/2017\/02\/FPP_01-42-de-163-768x513.jpg 768w, https:\/\/sindesvdf.com.br\/news\/wp-content\/uploads\/2017\/02\/FPP_01-42-de-163-225x150.jpg 225w, https:\/\/sindesvdf.com.br\/news\/wp-content\/uploads\/2017\/02\/FPP_01-42-de-163-150x100.jpg 150w, https:\/\/sindesvdf.com.br\/news\/wp-content\/uploads\/2017\/02\/FPP_01-42-de-163-272x182.jpg 272w, https:\/\/sindesvdf.com.br\/news\/wp-content\/uploads\/2017\/02\/FPP_01-42-de-163.jpg 800w\" sizes=\"auto, (max-width: 468px) 100vw, 468px\" \/>Mais uma vez n\u00e3o houve acordo, pois a dire\u00e7\u00e3o do Sindicato deixou claro que n\u00e3o aceitar\u00e1 retrocesso. \u201cO Plano de Sa\u00fade j\u00e1 salvou muitas vidas\u201d, afirmou o deputado Chico Vigilante, dizendo tamb\u00e9m que muitos vigilantes e familiares s\u00f3 conseguiram tratamento para doen\u00e7as graves gra\u00e7as ao benef\u00edcio.<u><\/u><u><\/u><\/p>\n<p id=\"m_4885971517340682065yui_3_16_0_1_1487941376322_63143\">Os procuradores do Trabalho, na pessoa do Dr. J\u00falio solicitaram ao Sindicato que apresentasse \u00e0 categoria a possibilidade de participarem de mais uma audi\u00eancia, a ser marcada depois do Carnaval, antes de tomarem novos rumos da luta. O presidente do Sindicato, Paulo Quadros, levou a proposta para a assembleia e ela foi aprovada.<u><\/u><u><\/u><\/p>\n<p id=\"m_4885971517340682065yui_3_16_0_1_1487941376322_63145\">Jervalino Rodrigues Bispo, ex-presidente do SINDESV e diretor da CNTV participou das negocia\u00e7\u00f5es representando a Confedera\u00e7\u00e3o e disse que estar\u00e1 sempre \u00e0 disposi\u00e7\u00e3o da categoria para ajudar em sua luta por mais direitos e conquistas.<u><\/u><u><\/u><\/p>\n<p id=\"m_4885971517340682065yui_3_16_0_1_1487941376322_63147\">\u00c9 fundamental que ap\u00f3s o Carnaval os vigilantes mantenham a unidade e assim que for marcada a nova audi\u00eancia no MPT, informaremos a todos e todas, lembrando que n\u00e3o aceitem qualquer tentativa patronal e de seus lacaios de desmobiliza\u00e7\u00e3o, mentiras e boatos. Fiquem atentos somente \u00e0s informa\u00e7\u00f5es oficiais do Sindicato dos Vigilantes do DF.<u><\/u><u><\/u><\/p>\n<p id=\"m_4885971517340682065yui_3_16_0_1_1487941376322_63149\">J\u00e1 tivemos in\u00fameras provas que esses lacaios, \u00e0 mando de alguns empres\u00e1rios, desejam derrotar a categoria.<u><\/u><u><\/u><\/p>\n<p id=\"m_4885971517340682065yui_3_16_0_1_1487941376322_63151\" dir=\"ltr\">Bom Carnaval a todos e todas com muita sa\u00fade, divers\u00e3o e alegria e depois \u00e9 luta em defesa dos nossos direitos e conquistas.<\/p>\n<p dir=\"ltr\"><img loading=\"lazy\" decoding=\"async\" class=\"aligncenter wp-image-7194 size-large\" src=\"http:\/\/sindesvdf.com.br\/news\/wp-content\/uploads\/2017\/02\/FPP_01-80-de-163mont-790x529.jpg\" width=\"750\" height=\"502\" srcset=\"https:\/\/sindesvdf.com.br\/news\/wp-content\/uploads\/2017\/02\/FPP_01-80-de-163mont-790x529.jpg 790w, https:\/\/sindesvdf.com.br\/news\/wp-content\/uploads\/2017\/02\/FPP_01-80-de-163mont-300x201.jpg 300w, https:\/\/sindesvdf.com.br\/news\/wp-content\/uploads\/2017\/02\/FPP_01-80-de-163mont-768x515.jpg 768w, https:\/\/sindesvdf.com.br\/news\/wp-content\/uploads\/2017\/02\/FPP_01-80-de-163mont-224x150.jpg 224w, https:\/\/sindesvdf.com.br\/news\/wp-content\/uploads\/2017\/02\/FPP_01-80-de-163mont-150x101.jpg 150w, https:\/\/sindesvdf.com.br\/news\/wp-content\/uploads\/2017\/02\/FPP_01-80-de-163mont-272x182.jpg 272w, https:\/\/sindesvdf.com.br\/news\/wp-content\/uploads\/2017\/02\/FPP_01-80-de-163mont.jpg 900w\" sizes=\"auto, (max-width: 750px) 100vw, 750px\" \/><\/p>\n<p class=\"wpf_wrapper\"><a class=\"print_link\" href=\"\" target=\"_blank\">Preparar para impress\u00e3o<\/a><\/p><!-- .wpf_wrapper -->","protected":false},"excerpt":{"rendered":"<p>Em uma longa audi\u00eancia realizada na tarde do dia 23\/02 no Minist\u00e9rio P\u00fablico do Trabalho, na W3 Norte, os empres\u00e1rios&hellip; <\/p>\n","protected":false},"author":1,"featured_media":0,"comment_status":"closed","ping_status":"closed","sticky":false,"template":"","format":"standard","meta":{"footnotes":""},"categories":[7],"tags":[],"class_list":["post-7182","post","type-post","status-publish","format-standard","hentry","category-noticias"],"jetpack_featured_media_url":"","_links":{"self":[{"href":"https:\/\/sindesvdf.com.br\/news\/wp-json\/wp\/v2\/posts\/7182","targetHints":{"allow":["GET"]}}],"collection":[{"href":"https:\/\/sindesvdf.com.br\/news\/wp-json\/wp\/v2\/posts"}],"about":[{"href":"https:\/\/sindesvdf.com.br\/news\/wp-json\/wp\/v2\/types\/post"}],"author":[{"embeddable":true,"href":"https:\/\/sindesvdf.com.br\/news\/wp-json\/wp\/v2\/users\/1"}],"replies":[{"embeddable":true,"href":"https:\/\/sindesvdf.com.br\/news\/wp-json\/wp\/v2\/comments?post=7182"}],"version-history":[{"count":5,"href":"https:\/\/sindesvdf.com.br\/news\/wp-json\/wp\/v2\/posts\/7182\/revisions"}],"predecessor-version":[{"id":7195,"href":"https:\/\/sindesvdf.com.br\/news\/wp-json\/wp\/v2\/posts\/7182\/revisions\/7195"}],"wp:attachment":[{"href":"https:\/\/sindesvdf.com.br\/news\/wp-json\/wp\/v2\/media?parent=7182"}],"wp:term":[{"taxonomy":"category","embeddable":true,"href":"https:\/\/sindesvdf.com.br\/news\/wp-json\/wp\/v2\/categories?post=7182"},{"taxonomy":"post_tag","embeddable":true,"href":"https:\/\/sindesvdf.com.br\/news\/wp-json\/wp\/v2\/tags?post=7182"}],"curies":[{"name":"wp","href":"https:\/\/api.w.org\/{rel}","templated":true}]}}