{"id":72,"date":"2014-04-12T10:32:03","date_gmt":"2014-04-12T13:32:03","guid":{"rendered":"http:\/\/sindesvdf.com.br\/news\/?p=72"},"modified":"2015-01-15T15:09:21","modified_gmt":"2015-01-15T17:09:21","slug":"fim-do-impasse-com-a-omni","status":"publish","type":"post","link":"https:\/\/sindesvdf.com.br\/news\/fim-do-impasse-com-a-omni\/","title":{"rendered":"FIM DO IMPASSE COM A OMNI!"},"content":{"rendered":"<table>\n<tbody>\n<tr>\n<td width=\"360\">Ap\u00f3s mobiliza\u00e7\u00e3o e interven\u00e7\u00e3o do SINDICATO e do nosso Deputado Chico Vigilante, a Omni se comprometeu em depositar os sal\u00e1rios de seus Vigilantes ainda nesta tarde (11\/4).<span style=\"color: #99ccff;\"><em><strong>SINDESV-DF &#8211; sempre Vigilante em defesa da Categoria<\/strong><\/em><\/span><\/td>\n<td style=\"text-align: center;\" width=\"360\">\u00a0[metaslider id=518]<\/td>\n<\/tr>\n<\/tbody>\n<\/table>\n<p>&nbsp;<\/p>\n<p class=\"wpf_wrapper\"><a class=\"print_link\" href=\"\" target=\"_blank\">Preparar para impress\u00e3o<\/a><\/p><!-- .wpf_wrapper -->","protected":false},"excerpt":{"rendered":"<p>Ap\u00f3s mobiliza\u00e7\u00e3o e interven\u00e7\u00e3o do SINDICATO e do nosso Deputado Chico Vigilante, a Omni se comprometeu em depositar os sal\u00e1rios&hellip; <\/p>\n","protected":false},"author":1,"featured_media":0,"comment_status":"closed","ping_status":"closed","sticky":false,"template":"","format":"standard","meta":{"footnotes":""},"categories":[7],"tags":[],"class_list":["post-72","post","type-post","status-publish","format-standard","hentry","category-noticias"],"jetpack_featured_media_url":"","_links":{"self":[{"href":"https:\/\/sindesvdf.com.br\/news\/wp-json\/wp\/v2\/posts\/72","targetHints":{"allow":["GET"]}}],"collection":[{"href":"https:\/\/sindesvdf.com.br\/news\/wp-json\/wp\/v2\/posts"}],"about":[{"href":"https:\/\/sindesvdf.com.br\/news\/wp-json\/wp\/v2\/types\/post"}],"author":[{"embeddable":true,"href":"https:\/\/sindesvdf.com.br\/news\/wp-json\/wp\/v2\/users\/1"}],"replies":[{"embeddable":true,"href":"https:\/\/sindesvdf.com.br\/news\/wp-json\/wp\/v2\/comments?post=72"}],"version-history":[{"count":13,"href":"https:\/\/sindesvdf.com.br\/news\/wp-json\/wp\/v2\/posts\/72\/revisions"}],"predecessor-version":[{"id":521,"href":"https:\/\/sindesvdf.com.br\/news\/wp-json\/wp\/v2\/posts\/72\/revisions\/521"}],"wp:attachment":[{"href":"https:\/\/sindesvdf.com.br\/news\/wp-json\/wp\/v2\/media?parent=72"}],"wp:term":[{"taxonomy":"category","embeddable":true,"href":"https:\/\/sindesvdf.com.br\/news\/wp-json\/wp\/v2\/categories?post=72"},{"taxonomy":"post_tag","embeddable":true,"href":"https:\/\/sindesvdf.com.br\/news\/wp-json\/wp\/v2\/tags?post=72"}],"curies":[{"name":"wp","href":"https:\/\/api.w.org\/{rel}","templated":true}]}}