{"id":7264,"date":"2017-03-07T08:59:22","date_gmt":"2017-03-07T11:59:22","guid":{"rendered":"http:\/\/sindesvdf.com.br\/news\/?p=7264"},"modified":"2017-03-07T11:17:32","modified_gmt":"2017-03-07T14:17:32","slug":"8-de-marco-unificadas-as-mulheres-do-df-e-entorno-vao-parar","status":"publish","type":"post","link":"https:\/\/sindesvdf.com.br\/news\/8-de-marco-unificadas-as-mulheres-do-df-e-entorno-vao-parar\/","title":{"rendered":"8 de Mar\u00e7o Unificadas &#8211; As Mulheres do DF e Entorno v\u00e3o parar!"},"content":{"rendered":"<p><img loading=\"lazy\" decoding=\"async\" class=\"wp-image-7265 alignleft\" src=\"http:\/\/sindesvdf.com.br\/news\/wp-content\/uploads\/2017\/03\/WhatsApp-Image-2017-03-06-at-09.56.48.jpeg\" alt=\"\" width=\"338\" height=\"310\" srcset=\"https:\/\/sindesvdf.com.br\/news\/wp-content\/uploads\/2017\/03\/WhatsApp-Image-2017-03-06-at-09.56.48.jpeg 523w, https:\/\/sindesvdf.com.br\/news\/wp-content\/uploads\/2017\/03\/WhatsApp-Image-2017-03-06-at-09.56.48-300x275.jpeg 300w, https:\/\/sindesvdf.com.br\/news\/wp-content\/uploads\/2017\/03\/WhatsApp-Image-2017-03-06-at-09.56.48-163x150.jpeg 163w, https:\/\/sindesvdf.com.br\/news\/wp-content\/uploads\/2017\/03\/WhatsApp-Image-2017-03-06-at-09.56.48-150x138.jpeg 150w\" sizes=\"auto, (max-width: 338px) 100vw, 338px\" \/>Meninas, lembrando que dia 08\/03 quarta feira teremos v\u00e1rias atividades no DF voltadas para a luta feminina, sabemos que nem todas poder\u00e3o participar ent\u00e3o queria pedir as companheiras que se poderem usem uma camisa lil\u00e1s ou at\u00e9 mesmo uma fita lista que \u00e9 a cor que simboliza a nossa luta contra o preconceito, a descrimina\u00e7\u00e3o, os baixos sal\u00e1rios, o desemprego, o ass\u00e9dio moral e sexual, o estupro, a viol\u00eancia dom\u00e9stica, o assassinato de milhares de companheiras que morrem todos os dias nas m\u00e3os desse monstros que na maioria da vezes est\u00e3o dentro da nossa pr\u00f3pria casa. Precisamos lutar veementemente contra a maldita PEC 287\/2016, reforma da Previd\u00eancia onde n\u00f3s mulheres seremos as maiores prejudicadas, pois teremos que trabalhar at\u00e9 morrer e n\u00e3o nos aposentaremos. Vamos \u00e0\u00a0luta meninas. Juntas Somos Fortes!<\/p>\n<p style=\"text-align: right;\"><em>Maura Miranda (Diretora Sindesv-DF)<\/em><\/p>\n<hr \/>\n<h3 style=\"text-align: center;\">&#x1f46d;&#x1f46d;&#x1f46d;&#x1f46d;&#x1f46d;&#x1f46d;&#x1f46d;&#x1f46d;<br \/>\n<strong>08 Mar\u00e7o Unificadas &#8211; DISTRITO FEDERAL<\/strong><br \/>\n<strong>Concentra\u00e7\u00e3o no Museu Nacional a partir das 16 horas<\/strong><br \/>\n<strong>Marcha Rumo \u00e0 Pra\u00e7a dos Tr\u00eas Poderes a partir das 17 horas<\/strong><br \/>\n<strong> Sa\u00edda de\u00a0um \u00f4nibus de cada Regi\u00e3o\u00a0Administrativa \u00e0s 13 horas.<\/strong><br \/>\n<strong>(Apenas Mulheres e Crian\u00e7as)<\/strong><\/h3>\n<p style=\"text-align: left;\">&#x1f68c; Recanto das Emas &#8211; Regional 306, e vai passar pela Faculdade da Terra.<br \/>\n&#x1f68c; Samambaia &#8211; Centro de Ensino Fundamental Miriam Ervilha, passa pela Escola Buriti na BR 060.<br \/>\n&#x1f68c; Samambaia &#8211; Feira da 202<br \/>\n&#x1f68c; Santa Maria- Centro de Ensino Especial N\u00b0 01<br \/>\n&#x1f68c; Sobradinho &#8211; Centro de Ensino M\u00e9dio N\u00b0 01<br \/>\n&#x1f68c; Taguatinga Centro &#8211; Em frente ao Nen\u00eas Chop<br \/>\n&#x1f68c; Gama &#8211; Centro de Ensino N\u00b0 02<br \/>\n&#x1f68c; S\u00e3o Sebasti\u00e3o &#8211; CAIC Unesco<br \/>\n&#x1f68c; Brazl\u00e2ndia &#8211; Pra\u00e7a do A\u00e7o<br \/>\n&#x1f68c; Ceil\u00e2ndia -Estacionamento do BRB &#8211; Centro<br \/>\n&#x1f68c; Planaltina &#8211; Centro de Ensino Especial N\u00b0 01<br \/>\n&#x1f68c; Planaltina de Goi\u00e1s &#8211; Brasilinha F\u00f3rum<br \/>\n&#x1f68c; Formosa &#8211; Pra\u00e7a da Matriz.<\/p>\n<p style=\"text-align: left;\">Mulheres Vigilantes, o <strong>Sindicato dos Vigilantes do DF<\/strong> convoca todas para participar desse ato no dia 8 de mar\u00e7o. Quem estiver de folga amanh\u00e3 junte-se a n\u00f3s nessa luta! \u00c9 de grande import\u00e2ncia a participa\u00e7\u00e3o e uni\u00e3o de todas. Precisamos nos conscientizar que sem Luta n\u00e3o existe Vit\u00f3rias&#x1f4aa;&#x1f3fe;. Lutamos contra a reforma da previd\u00eancia, reforma trabalhista e contra a retirada de direitos. Quem n\u00e3o puder participar ativamente da Luta amanh\u00e3, \u00a0coloca ao menos uma fita lil\u00e1s na roupa, no bra\u00e7o ou no carro. O lil\u00e1s \u00e9\u00a0a cor da nossa bandeira!<\/p>\n<p style=\"text-align: center;\">&#x1f4aa;&#x1f3fe;&#x1f46e;&#x1f3fc;\u200d\u2640&#x1f469;&#x1f3fd;\u200d&#x1f3a4;&#x1f469;&#x1f3fb;\u200d&#x1f3a4;&#x1f469;&#x1f3fc;\u200d&#x1f33e;&#x1f475;&#x1f3fc;&#x1f469;&#x1f3fc;&#x1f469;\u200d&#x1f692;&#x1f470;&#x1f3fc;&#x1f487;&#x1f3fd;&#x1f483;&#x1f3fe;&#x1f3c3;&#x1f3fd;\u200d\u2640&#x1f459;&#x1f45a;&#x1f457;&#x1f460;&#x1f45b;&#x1f451;&#x1f451;&#x1f339;&#x1f469;&#x1f3ff;\u200d&#x1f469;&#x1f3fc;\u200d&#x1f469;&#x1f3fb;\u200d&#x1f469;&#x1f3ff;\u200d&#x1f469;&#x1f3fd;\u200d<\/p>\n<p class=\"wpf_wrapper\"><a class=\"print_link\" href=\"\" target=\"_blank\">Preparar para impress\u00e3o<\/a><\/p><!-- .wpf_wrapper -->","protected":false},"excerpt":{"rendered":"<p>Meninas, lembrando que dia 08\/03 quarta feira teremos v\u00e1rias atividades no DF voltadas para a luta feminina, sabemos que nem&hellip; <\/p>\n","protected":false},"author":1,"featured_media":0,"comment_status":"closed","ping_status":"closed","sticky":false,"template":"","format":"standard","meta":{"footnotes":""},"categories":[7],"tags":[],"class_list":["post-7264","post","type-post","status-publish","format-standard","hentry","category-noticias"],"jetpack_featured_media_url":"","_links":{"self":[{"href":"https:\/\/sindesvdf.com.br\/news\/wp-json\/wp\/v2\/posts\/7264","targetHints":{"allow":["GET"]}}],"collection":[{"href":"https:\/\/sindesvdf.com.br\/news\/wp-json\/wp\/v2\/posts"}],"about":[{"href":"https:\/\/sindesvdf.com.br\/news\/wp-json\/wp\/v2\/types\/post"}],"author":[{"embeddable":true,"href":"https:\/\/sindesvdf.com.br\/news\/wp-json\/wp\/v2\/users\/1"}],"replies":[{"embeddable":true,"href":"https:\/\/sindesvdf.com.br\/news\/wp-json\/wp\/v2\/comments?post=7264"}],"version-history":[{"count":6,"href":"https:\/\/sindesvdf.com.br\/news\/wp-json\/wp\/v2\/posts\/7264\/revisions"}],"predecessor-version":[{"id":7271,"href":"https:\/\/sindesvdf.com.br\/news\/wp-json\/wp\/v2\/posts\/7264\/revisions\/7271"}],"wp:attachment":[{"href":"https:\/\/sindesvdf.com.br\/news\/wp-json\/wp\/v2\/media?parent=7264"}],"wp:term":[{"taxonomy":"category","embeddable":true,"href":"https:\/\/sindesvdf.com.br\/news\/wp-json\/wp\/v2\/categories?post=7264"},{"taxonomy":"post_tag","embeddable":true,"href":"https:\/\/sindesvdf.com.br\/news\/wp-json\/wp\/v2\/tags?post=7264"}],"curies":[{"name":"wp","href":"https:\/\/api.w.org\/{rel}","templated":true}]}}